{"id":8516,"date":"2026-07-08T16:30:10","date_gmt":"2026-07-08T14:30:10","guid":{"rendered":"https:\/\/www.vitalibera.org\/community\/?p=8516"},"modified":"2026-07-24T11:09:22","modified_gmt":"2026-07-24T09:09:22","slug":"koerperwahrnehmung-nach-einer-hirnverletzung-staerken","status":"publish","type":"post","link":"https:\/\/www.vitalibera.org\/community\/2026\/07\/08\/koerperwahrnehmung-nach-einer-hirnverletzung-staerken\/","title":{"rendered":"K\u00f6rperwahrnehmung nach einer Hirnverletzung st\u00e4rken"},"content":{"rendered":"\n<div class=\"wp-block-media-text is-stacked-on-mobile is-vertically-aligned-top\"><figure class=\"wp-block-media-text__media\"><img fetchpriority=\"high\" decoding=\"async\" width=\"374\" height=\"374\" src=\"https:\/\/www.vitalibera.org\/community\/wp-content\/uploads\/2026\/07\/wahrnehmung17.png\" alt=\"\" class=\"wp-image-8517 size-full\" srcset=\"https:\/\/www.vitalibera.org\/community\/wp-content\/uploads\/2026\/07\/wahrnehmung17.png 374w, https:\/\/www.vitalibera.org\/community\/wp-content\/uploads\/2026\/07\/wahrnehmung17-300x300.png 300w, https:\/\/www.vitalibera.org\/community\/wp-content\/uploads\/2026\/07\/wahrnehmung17-150x150.png 150w\" sizes=\"(max-width: 374px) 100vw, 374px\" \/><\/figure><div class=\"wp-block-media-text__content\">\n<p>Nach einer <a href=\"https:\/\/www.vitalibera.org\/community\/enzyklopaedie\/hirnverletzung\/\" target=\"_self\" title=\"Eine Hirnverletzung (oft als&nbsp;Sch&auml;del-Hirn-Trauma, SHT) ist eine&nbsp;Sch&auml;digung des Gehirns, verursacht durch &auml;u&szlig;ere Gewalteinwirkung (Unfall, Sturz) oder innere Faktoren (Schlaganfall, Tumor). Sie f&uuml;hrt zu k&ouml;rperlichen, kognitiven und verhaltensbezogenen Einschr&auml;nkungen, die oft unsichtbar bleiben. Symptome reichen von Kopfschmerzen bis zu schweren Behinderungen. Wichtige Aspekte der Hirnverletzung: Ursachen:&nbsp;H&auml;ufig durch Schlaganf&auml;lle, Hirnblutungen, Sauerstoffmangel oder St&uuml;rze\/Verkehrsunf&auml;lle (Sch&auml;del-Hirn-Trauma). Formen (SHT):&nbsp;Unterscheidung in&hellip;\" class=\"encyclopedia\">Hirnverletzung<\/a> kann die Wahrnehmung des eigenen K&ouml;rpers ver&auml;ndert sein. <\/p>\n\n\n\n<p>Bewegungen f&uuml;hlen sich ungewohnt an, das Gleichgewicht kann beeintr&auml;chtigt sein oder die Orientierung im Raum f&auml;llt schwerer. <\/p>\n\n\n\n<p>Durch gezielte &Uuml;bungen zur K&ouml;rperwahrnehmung l&auml;sst sich die Verbindung zwischen Gehirn und K&ouml;rper Schritt f&uuml;r Schritt f&ouml;rdern. Regelm&auml;&szlig;ige, alltagsnahe Aktivit&auml;ten helfen dabei, Bewegungen bewusster wahrzunehmen, Sicherheit zur&uuml;ckzugewinnen und das Vertrauen in die eigenen F&auml;higkeiten zu st&auml;rken. <\/p>\n\n\n\n<p>Dabei stehen nicht Leistung oder Perfektion im Vordergrund, sondern das achtsame Sp&uuml;ren und Erleben des eigenen K&ouml;rpers.<\/p>\n<\/div><\/div>\n\n\n\n<h5 class=\"wp-block-heading\"><strong>Einfache &Uuml;bungen f&uuml;r den Alltag<\/strong><\/h5>\n\n\n\n<h6 class=\"wp-block-heading\"><strong>1. K&ouml;rper-Scan<\/strong><\/h6>\n\n\n\n<ul class=\"wp-block-list\">\n<li>Im Sitzen oder Liegen die Aufmerksamkeit nacheinander auf F&uuml;&szlig;e, Beine, Becken, Rumpf, Arme und Kopf richten.<\/li>\n\n\n\n<li>Wahrnehmen: Druck, Spannung, Temperatur, Kontakt zur Unterlage.<\/li>\n<\/ul>\n\n\n\n<h6 class=\"wp-block-heading\"><strong>2. Bewusstes Gehen<\/strong><\/h6>\n\n\n\n<ul class=\"wp-block-list\">\n<li>Langsam gehen und darauf achten:\n<ul class=\"wp-block-list\">\n<li>Wie setzt die Ferse auf?<\/li>\n\n\n\n<li>Wie verlagert sich das Gewicht?<\/li>\n\n\n\n<li>Wie bewegen sich Arme und Beine?<\/li>\n<\/ul>\n<\/li>\n<\/ul>\n\n\n\n<h6 class=\"wp-block-heading\"><strong>3. Gewichtsverlagerungen<\/strong><\/h6>\n\n\n\n<ul class=\"wp-block-list\">\n<li>Im Stand das Gewicht langsam von einem Bein auf das andere verlagern.<\/li>\n\n\n\n<li>Sp&uuml;ren, wie sich Druck und Gleichgewicht ver&auml;ndern.<\/li>\n\n\n\n<li>Bei Unsicherheit an einer stabilen Oberfl&auml;che festhalten.<\/li>\n<\/ul>\n\n\n\n<h6 class=\"wp-block-heading\"><strong>4. Ber&uuml;hrungs&uuml;bungen<\/strong><\/h6>\n\n\n\n<ul class=\"wp-block-list\">\n<li>Mit einem weichen Tuch, Ball oder der eigenen <a href=\"https:\/\/www.vitalibera.org\/community\/2026\/08\/09\/einhaendiges-gaming-bei-hemiprese-selbstbestimmung-durch-clevere-adaptive-technik\/\"><font color=\"blue\"><img src=\"https:\/\/www.vitalibera.org\/community\/wp-content\/images\/link.png\" width=\"20\" height=\"20\"><u>Hand<\/u><\/font><\/a> verschiedene K&ouml;rperstellen ber&uuml;hren.<\/li>\n\n\n\n<li>Versuchen, die Stelle genau zu benennen, ohne hinzusehen.<\/li>\n<\/ul>\n\n\n\n<h6 class=\"wp-block-heading\"><strong>5. Alltagsaktivit&auml;ten bewusst ausf&uuml;hren<\/strong><\/h6>\n\n\n\n<ul class=\"wp-block-list\">\n<li>Z&auml;hne putzen, Geschirr abtrocknen oder eine Tasse greifen und dabei die <a href=\"https:\/\/www.vitalibera.org\/community\/2026\/08\/24\/alltagstraining-mit-arm-und-bein-hometrainer-nach-hirnverletzung\/\"><font color=\"blue\"><img src=\"https:\/\/www.vitalibera.org\/community\/wp-content\/images\/link.png\" width=\"20\" height=\"20\"><u>Bewegung<\/u><\/font><\/a> aufmerksam beobachten.<\/li>\n\n\n\n<li>Langsam und kontrolliert arbeiten statt automatisch.<\/li>\n<\/ul>\n\n\n\n<h6 class=\"wp-block-heading\"><strong>6. Arbeiten mit geschlossenen Augen<\/strong><\/h6>\n\n\n\n<p>Nur wenn dies sicher m&ouml;glich ist:<\/p>\n\n\n\n<ul class=\"wp-block-list\">\n<li>Im Sitzen die Arme bewegen und anschlie&szlig;end beschreiben, wo sie sich befinden.<\/li>\n\n\n\n<li>Einen Gegenstand in der Hand ertasten und <a href=\"https:\/\/www.vitalibera.org\/community\/2025\/10\/29\/symptom-check-der-fast-test\/\"><font color=\"blue\"><img src=\"https:\/\/www.vitalibera.org\/community\/wp-content\/images\/link.png\" width=\"20\" height=\"20\"><u>erkennen<\/u><\/font><\/a>.<\/li>\n<\/ul>\n\n\n\n<h6 class=\"wp-block-heading\"><strong>7. Atem und Haltung wahrnehmen<\/strong><\/h6>\n\n\n\n<ul class=\"wp-block-list\">\n<li>Mehrmals t&auml;glich kurz innehalten.<\/li>\n\n\n\n<li>Sp&uuml;ren: Sitze ich aufrecht? Sind die Schultern entspannt? Wie bewegt sich der Brustkorb beim Atmen?<\/li>\n<\/ul>\n\n\n\n<h6 class=\"wp-block-heading\"><strong>Wichtige Hinweise<\/strong><\/h6>\n\n\n\n<ul class=\"wp-block-list\">\n<li>&Uuml;bungen sollten <strong>regelm&auml;&szlig;ig, aber nicht bis zur Ersch&ouml;pfung<\/strong> durchgef&uuml;hrt werden.<\/li>\n\n\n\n<li>Nach einer <a href=\"https:\/\/www.vitalibera.org\/community\/enzyklopaedie\/hirnverletzung\/\" target=\"_self\" title=\"Eine Hirnverletzung (oft als&nbsp;Sch&auml;del-Hirn-Trauma, SHT) ist eine&nbsp;Sch&auml;digung des Gehirns, verursacht durch &auml;u&szlig;ere Gewalteinwirkung (Unfall, Sturz) oder innere Faktoren (Schlaganfall, Tumor). Sie f&uuml;hrt zu k&ouml;rperlichen, kognitiven und verhaltensbezogenen Einschr&auml;nkungen, die oft unsichtbar bleiben. Symptome reichen von Kopfschmerzen bis zu schweren Behinderungen. Wichtige Aspekte der Hirnverletzung: Ursachen:&nbsp;H&auml;ufig durch Schlaganf&auml;lle, Hirnblutungen, Sauerstoffmangel oder St&uuml;rze\/Verkehrsunf&auml;lle (Sch&auml;del-Hirn-Trauma). Formen (SHT):&nbsp;Unterscheidung in&hellip;\" class=\"encyclopedia\">Hirnverletzung<\/a> k&ouml;nnen Konzentration und Wahrnehmung schneller erm&uuml;den; kurze Einheiten von 5&ndash;10 Minuten sind oft wirksamer als lange Trainingsphasen.<\/li>\n\n\n\n<li>Bei Gleichgewichtsproblemen immer f&uuml;r ausreichende Sicherheit sorgen (Begleitperson, Gel&auml;nder, Wand).<\/li>\n<\/ul>\n\n\n\n<div class=\"wp-block-media-text is-stacked-on-mobile\" style=\"grid-template-columns:28% auto\"><figure class=\"wp-block-media-text__media\"><img decoding=\"async\" width=\"302\" height=\"277\" src=\"http:\/\/www.vitalibera.org\/community\/wp-content\/uploads\/2026\/03\/tip3.png\" alt=\"\" class=\"wp-image-6087 size-full\" srcset=\"https:\/\/www.vitalibera.org\/community\/wp-content\/uploads\/2026\/03\/tip3.png 302w, https:\/\/www.vitalibera.org\/community\/wp-content\/uploads\/2026\/03\/tip3-300x275.png 300w\" sizes=\"(max-width: 302px) 100vw, 302px\" \/><\/figure><div class=\"wp-block-media-text__content\">\n<p>Die K&ouml;rperwahrnehmung verbessert sich am besten durch regelm&auml;&szlig;iges &Uuml;ben im <a href=\"https:\/\/www.vitalibera.org\/community\/2026\/04\/30\/lapstacker-transport-gurtsystem-fuer-rollstuehle\/\"><font color=\"blue\"><img src=\"https:\/\/www.vitalibera.org\/community\/wp-content\/images\/link.png\" width=\"20\" height=\"20\"><u>Alltag<\/u><\/font><\/a>. Bereits wenige Minuten t&auml;glich k&ouml;nnen helfen, Bewegungen bewusster wahrzunehmen, das Gleichgewicht zu f&ouml;rdern und mehr Sicherheit im eigenen K&ouml;rper zu gewinnen. <\/p>\n\n\n\n<p>Wichtig ist, die &Uuml;bungen langsam, konzentriert und ohne Leistungsdruck auszuf&uuml;hren. Kleine Fortschritte sind dabei oft ein gro&szlig;er Erfolg.<\/p>\n<\/div><\/div>\n\n\n\n<h6 class=\"wp-block-heading\"><strong>Wie erkennst du, dass es besser wird?<\/strong><\/h6>\n\n\n\n<p>Eine verbesserte K&ouml;rperwahrnehmung zeigt sich oft in kleinen Ver&auml;nderungen im Alltag. Zum Beispiel:<\/p>\n\n\n\n<ul class=\"wp-block-list\">\n<li>Du bewegst dich sicherer und koordinierter.<\/li>\n\n\n\n<li>Das Gleichgewicht f&auml;llt dir leichter und du schwankst weniger.<\/li>\n\n\n\n<li>Du st&ouml;&szlig;t seltener an Gegenst&auml;nde oder versch&auml;tzt dich weniger bei Bewegungen.<\/li>\n\n\n\n<li>Bewegungen f&uuml;hlen sich nat&uuml;rlicher und weniger anstrengend an.<\/li>\n\n\n\n<li>Du kannst besser einsch&auml;tzen, wie dein K&ouml;rper gerade steht, sitzt oder sich bewegt.<\/li>\n\n\n\n<li>Du ben&ouml;tigst weniger visuelle Kontrolle, beispielsweise beim Greifen nach Gegenst&auml;nden.<\/li>\n\n\n\n<li>Dein Vertrauen in die eigenen F&auml;higkeiten w&auml;chst.<\/li>\n<\/ul>\n\n\n\n<h6 class=\"wp-block-heading\"><strong>Tipp<\/strong> : F&uuml;hre ein kleines Erfolgstagebuch. Notiere einmal pro Woche, was dir leichter f&auml;llt als zuvor. Oft werden Fortschritte erst im R&uuml;ckblick sichtbar und k&ouml;nnen eine wertvolle Motivation f&uuml;r das weitere Training sein.<\/h6>\n","protected":false},"excerpt":{"rendered":"<p>Bewegungen f\u00fchlen sich ungewohnt an, das Gleichgewicht kann beeintr\u00e4chtigt sein oder die Orientierung im Raum f\u00e4llt schwerer.<\/p>\n<p>Durch gezielte \u00dcbungen zur K\u00f6rperwahrnehmung l\u00e4sst sich die Verbindung zwischen Gehirn und K\u00f6rper Schritt f\u00fcr Schritt f\u00f6rdern. Regelm\u00e4\u00dfige, alltagsnahe Aktivit\u00e4ten helfen dabei, Bewegungen bewusster wahrzunehmen, Sicherheit zur\u00fcckzugewinnen und das Vertrauen in die eigenen F\u00e4higkeiten zu st\u00e4rken.<\/p>\n","protected":false},"author":2,"featured_media":8517,"comment_status":"closed","ping_status":"open","sticky":false,"template":"","format":"standard","meta":{"cybocfi_hide_featured_image":"yes","_jetpack_newsletter_access":"","_jetpack_dont_email_post_to_subs":false,"_jetpack_newsletter_tier_id":0,"_jetpack_memberships_contains_paywalled_content":false,"_jetpack_feature_clip_id":0,"_jetpack_memberships_contains_paid_content":false,"footnotes":"","jetpack_publicize_message":"","jetpack_publicize_feature_enabled":true,"jetpack_social_post_already_shared":false,"jetpack_social_options":{"image_generator_settings":{"template":"highway","default_image_id":0,"font":"","enabled":false},"version":2},"jetpack_post_was_ever_published":false},"categories":[64],"tags":[532,510,568,581],"class_list":["post-8516","post","type-post","status-publish","format-standard","has-post-thumbnail","hentry","category-physio","tag-ambulant","tag-betroffen","tag-eigentraining","tag-lauftraining"],"yoast_head":"<!-- This site is optimized with the Yoast SEO plugin v28.2 - https:\/\/yoast.com\/product\/yoast-seo-wordpress\/ -->\r\n<title>K\u00f6rperwahrnehmung nach einer Hirnverletzung st\u00e4rken - vitalibera.org<\/title>\r\n<meta name=\"robots\" content=\"index, follow, max-snippet:-1, max-image-preview:large, max-video-preview:-1\" \/>\r\n<link rel=\"canonical\" href=\"http:\/\/www.vitalibera.org\/community\/2026\/07\/08\/koerperwahrnehmung-nach-einer-hirnverletzung-staerken\/\" \/>\r\n<meta property=\"og:locale\" content=\"de_DE\" \/>\r\n<meta property=\"og:type\" content=\"article\" \/>\r\n<meta property=\"og:title\" content=\"K\u00f6rperwahrnehmung nach einer Hirnverletzung st\u00e4rken - vitalibera.org\" \/>\r\n<meta property=\"og:description\" content=\"Bewegungen f\u00fchlen sich ungewohnt an, das Gleichgewicht kann beeintr\u00e4chtigt sein oder die Orientierung im Raum f\u00e4llt schwerer. Durch gezielte \u00dcbungen zur K\u00f6rperwahrnehmung l\u00e4sst sich die Verbindung zwischen Gehirn und K\u00f6rper Schritt f\u00fcr Schritt f\u00f6rdern. Regelm\u00e4\u00dfige, alltagsnahe Aktivit\u00e4ten helfen dabei, Bewegungen bewusster wahrzunehmen, Sicherheit zur\u00fcckzugewinnen und das Vertrauen in die eigenen F\u00e4higkeiten zu st\u00e4rken.\" \/>\r\n<meta property=\"og:url\" content=\"http:\/\/www.vitalibera.org\/community\/2026\/07\/08\/koerperwahrnehmung-nach-einer-hirnverletzung-staerken\/\" \/>\r\n<meta property=\"og:site_name\" content=\"vitalibera.org\" \/>\r\n<meta property=\"article:publisher\" content=\"https:\/\/www.facebook.com\/groups\/2997085857140235\" \/>\r\n<meta property=\"article:published_time\" content=\"2026-07-08T14:30:10+00:00\" \/>\r\n<meta property=\"article:modified_time\" content=\"2026-07-24T09:09:22+00:00\" \/>\r\n<meta property=\"og:image\" content=\"http:\/\/www.vitalibera.org\/community\/wp-content\/uploads\/2026\/07\/wahrnehmung17.png\" \/>\r\n\t<meta property=\"og:image:width\" content=\"374\" \/>\r\n\t<meta property=\"og:image:height\" content=\"374\" \/>\r\n\t<meta property=\"og:image:type\" content=\"image\/png\" \/>\r\n<meta name=\"author\" content=\"Andreas Jecklin\" \/>\r\n<meta name=\"twitter:card\" content=\"summary_large_image\" \/>\r\n<meta name=\"twitter:label1\" content=\"Verfasst von\" \/>\n\t<meta name=\"twitter:data1\" content=\"Andreas Jecklin\" \/>\n\t<meta name=\"twitter:label2\" content=\"Gesch\u00e4tzte Lesezeit\" \/>\n\t<meta name=\"twitter:data2\" content=\"4\u00a0Minuten\" \/>\r\n<script type=\"application\/ld+json\" class=\"yoast-schema-graph\">{\"@context\":\"https:\\\/\\\/schema.org\",\"@graph\":[{\"@type\":\"Article\",\"@id\":\"http:\\\/\\\/www.vitalibera.org\\\/community\\\/2026\\\/07\\\/08\\\/koerperwahrnehmung-nach-einer-hirnverletzung-staerken\\\/#article\",\"isPartOf\":{\"@id\":\"http:\\\/\\\/www.vitalibera.org\\\/community\\\/2026\\\/07\\\/08\\\/koerperwahrnehmung-nach-einer-hirnverletzung-staerken\\\/\"},\"author\":{\"name\":\"Andreas Jecklin\",\"@id\":\"https:\\\/\\\/www.vitalibera.org\\\/community\\\/#\\\/schema\\\/person\\\/6712387298421f222ff6d0a2e22c1534\"},\"headline\":\"K\u00f6rperwahrnehmung nach einer Hirnverletzung st\u00e4rken\",\"datePublished\":\"2026-07-08T14:30:10+00:00\",\"dateModified\":\"2026-07-24T09:09:22+00:00\",\"mainEntityOfPage\":{\"@id\":\"http:\\\/\\\/www.vitalibera.org\\\/community\\\/2026\\\/07\\\/08\\\/koerperwahrnehmung-nach-einer-hirnverletzung-staerken\\\/\"},\"wordCount\":539,\"publisher\":{\"@id\":\"https:\\\/\\\/www.vitalibera.org\\\/community\\\/#organization\"},\"image\":{\"@id\":\"http:\\\/\\\/www.vitalibera.org\\\/community\\\/2026\\\/07\\\/08\\\/koerperwahrnehmung-nach-einer-hirnverletzung-staerken\\\/#primaryimage\"},\"thumbnailUrl\":\"https:\\\/\\\/www.vitalibera.org\\\/community\\\/wp-content\\\/uploads\\\/2026\\\/07\\\/wahrnehmung17.png\",\"keywords\":[\"ambulant\",\"betroffen\",\"eigentraining\",\"lauftraining\"],\"articleSection\":[\"Physiotherapie\"],\"inLanguage\":\"de\"},{\"@type\":\"WebPage\",\"@id\":\"http:\\\/\\\/www.vitalibera.org\\\/community\\\/2026\\\/07\\\/08\\\/koerperwahrnehmung-nach-einer-hirnverletzung-staerken\\\/\",\"url\":\"http:\\\/\\\/www.vitalibera.org\\\/community\\\/2026\\\/07\\\/08\\\/koerperwahrnehmung-nach-einer-hirnverletzung-staerken\\\/\",\"name\":\"K\u00f6rperwahrnehmung nach einer Hirnverletzung st\u00e4rken - vitalibera.org\",\"isPartOf\":{\"@id\":\"https:\\\/\\\/www.vitalibera.org\\\/community\\\/#website\"},\"primaryImageOfPage\":{\"@id\":\"http:\\\/\\\/www.vitalibera.org\\\/community\\\/2026\\\/07\\\/08\\\/koerperwahrnehmung-nach-einer-hirnverletzung-staerken\\\/#primaryimage\"},\"image\":{\"@id\":\"http:\\\/\\\/www.vitalibera.org\\\/community\\\/2026\\\/07\\\/08\\\/koerperwahrnehmung-nach-einer-hirnverletzung-staerken\\\/#primaryimage\"},\"thumbnailUrl\":\"https:\\\/\\\/www.vitalibera.org\\\/community\\\/wp-content\\\/uploads\\\/2026\\\/07\\\/wahrnehmung17.png\",\"datePublished\":\"2026-07-08T14:30:10+00:00\",\"dateModified\":\"2026-07-24T09:09:22+00:00\",\"breadcrumb\":{\"@id\":\"http:\\\/\\\/www.vitalibera.org\\\/community\\\/2026\\\/07\\\/08\\\/koerperwahrnehmung-nach-einer-hirnverletzung-staerken\\\/#breadcrumb\"},\"inLanguage\":\"de\",\"potentialAction\":[{\"@type\":\"ReadAction\",\"target\":[\"http:\\\/\\\/www.vitalibera.org\\\/community\\\/2026\\\/07\\\/08\\\/koerperwahrnehmung-nach-einer-hirnverletzung-staerken\\\/\"]}]},{\"@type\":\"BreadcrumbList\",\"@id\":\"http:\\\/\\\/www.vitalibera.org\\\/community\\\/2026\\\/07\\\/08\\\/koerperwahrnehmung-nach-einer-hirnverletzung-staerken\\\/#breadcrumb\",\"itemListElement\":[{\"@type\":\"ListItem\",\"position\":1,\"name\":\"Startseite\",\"item\":\"https:\\\/\\\/www.vitalibera.org\\\/community\\\/\"},{\"@type\":\"ListItem\",\"position\":2,\"name\":\"K\u00f6rperwahrnehmung nach einer Hirnverletzung st\u00e4rken\"}]},{\"@type\":\"WebSite\",\"@id\":\"https:\\\/\\\/www.vitalibera.org\\\/community\\\/#website\",\"url\":\"https:\\\/\\\/www.vitalibera.org\\\/community\\\/\",\"name\":\"vitalibera.org\",\"description\":\"Mit einer Einschr&auml;nkung gestaltet sich das Leben im Alltag oft schwieriger - hier berichten wir &uuml;ber unsere Erfahrungen und Hilfsmittel um den Alltag so unbeschwert und unkompliziert wie nur m&ouml;glich geniessen zu k&ouml;nnen. Dabei richten wir unseren Fokus gezielt auf Selbst&auml;ndigkeit, Eigenst&auml;ndigkeit und Selbstbestimmung.\",\"publisher\":{\"@id\":\"https:\\\/\\\/www.vitalibera.org\\\/community\\\/#organization\"},\"potentialAction\":[{\"@type\":\"SearchAction\",\"target\":{\"@type\":\"EntryPoint\",\"urlTemplate\":\"https:\\\/\\\/www.vitalibera.org\\\/community\\\/?s={search_term_string}\"},\"query-input\":{\"@type\":\"PropertyValueSpecification\",\"valueRequired\":true,\"valueName\":\"search_term_string\"}}],\"inLanguage\":\"de\"},{\"@type\":\"Organization\",\"@id\":\"https:\\\/\\\/www.vitalibera.org\\\/community\\\/#organization\",\"name\":\"vitalibera.org\",\"url\":\"https:\\\/\\\/www.vitalibera.org\\\/community\\\/\",\"logo\":{\"@type\":\"ImageObject\",\"inLanguage\":\"de\",\"@id\":\"https:\\\/\\\/www.vitalibera.org\\\/community\\\/#\\\/schema\\\/logo\\\/image\\\/\",\"url\":\"https:\\\/\\\/www.vitalibera.org\\\/community\\\/wp-content\\\/uploads\\\/2025\\\/09\\\/cropped-banner.png\",\"contentUrl\":\"https:\\\/\\\/www.vitalibera.org\\\/community\\\/wp-content\\\/uploads\\\/2025\\\/09\\\/cropped-banner.png\",\"width\":991,\"height\":150,\"caption\":\"vitalibera.org\"},\"image\":{\"@id\":\"https:\\\/\\\/www.vitalibera.org\\\/community\\\/#\\\/schema\\\/logo\\\/image\\\/\"},\"sameAs\":[\"https:\\\/\\\/www.facebook.com\\\/groups\\\/2997085857140235\"]},{\"@type\":\"Person\",\"@id\":\"https:\\\/\\\/www.vitalibera.org\\\/community\\\/#\\\/schema\\\/person\\\/6712387298421f222ff6d0a2e22c1534\",\"name\":\"Andreas Jecklin\",\"image\":{\"@type\":\"ImageObject\",\"inLanguage\":\"de\",\"@id\":\"https:\\\/\\\/secure.gravatar.com\\\/avatar\\\/ad516503a11cd5ca435acc9bb6523536?s=96\",\"url\":\"https:\\\/\\\/secure.gravatar.com\\\/avatar\\\/ad516503a11cd5ca435acc9bb6523536?s=96\",\"contentUrl\":\"https:\\\/\\\/secure.gravatar.com\\\/avatar\\\/ad516503a11cd5ca435acc9bb6523536?s=96\",\"caption\":\"Andreas Jecklin\"},\"description\":\"Manchen gab Gott die Kraft Dinge zu ver\u00e4ndern, mir gab er die Kraft zu ertragen was nicht mehr zu \u00e4ndern ist.\",\"url\":\"https:\\\/\\\/www.vitalibera.org\\\/community\\\/author\\\/andy77\\\/\"}]}<\/script>\r\n<!-- \/ Yoast SEO plugin. -->","yoast_head_json":{"title":"K\u00f6rperwahrnehmung nach einer Hirnverletzung st\u00e4rken - vitalibera.org","robots":{"index":"index","follow":"follow","max-snippet":"max-snippet:-1","max-image-preview":"max-image-preview:large","max-video-preview":"max-video-preview:-1"},"canonical":"http:\/\/www.vitalibera.org\/community\/2026\/07\/08\/koerperwahrnehmung-nach-einer-hirnverletzung-staerken\/","og_locale":"de_DE","og_type":"article","og_title":"K\u00f6rperwahrnehmung nach einer Hirnverletzung st\u00e4rken - vitalibera.org","og_description":"Bewegungen f\u00fchlen sich ungewohnt an, das Gleichgewicht kann beeintr\u00e4chtigt sein oder die Orientierung im Raum f\u00e4llt schwerer. Durch gezielte \u00dcbungen zur K\u00f6rperwahrnehmung l\u00e4sst sich die Verbindung zwischen Gehirn und K\u00f6rper Schritt f\u00fcr Schritt f\u00f6rdern. Regelm\u00e4\u00dfige, alltagsnahe Aktivit\u00e4ten helfen dabei, Bewegungen bewusster wahrzunehmen, Sicherheit zur\u00fcckzugewinnen und das Vertrauen in die eigenen F\u00e4higkeiten zu st\u00e4rken.","og_url":"http:\/\/www.vitalibera.org\/community\/2026\/07\/08\/koerperwahrnehmung-nach-einer-hirnverletzung-staerken\/","og_site_name":"vitalibera.org","article_publisher":"https:\/\/www.facebook.com\/groups\/2997085857140235","article_published_time":"2026-07-08T14:30:10+00:00","article_modified_time":"2026-07-24T09:09:22+00:00","og_image":[{"width":374,"height":374,"url":"http:\/\/www.vitalibera.org\/community\/wp-content\/uploads\/2026\/07\/wahrnehmung17.png","type":"image\/png"}],"author":"Andreas Jecklin","twitter_card":"summary_large_image","twitter_misc":{"Verfasst von":"Andreas Jecklin","Gesch\u00e4tzte Lesezeit":"4\u00a0Minuten"},"schema":{"@context":"https:\/\/schema.org","@graph":[{"@type":"Article","@id":"http:\/\/www.vitalibera.org\/community\/2026\/07\/08\/koerperwahrnehmung-nach-einer-hirnverletzung-staerken\/#article","isPartOf":{"@id":"http:\/\/www.vitalibera.org\/community\/2026\/07\/08\/koerperwahrnehmung-nach-einer-hirnverletzung-staerken\/"},"author":{"name":"Andreas Jecklin","@id":"https:\/\/www.vitalibera.org\/community\/#\/schema\/person\/6712387298421f222ff6d0a2e22c1534"},"headline":"K\u00f6rperwahrnehmung nach einer Hirnverletzung st\u00e4rken","datePublished":"2026-07-08T14:30:10+00:00","dateModified":"2026-07-24T09:09:22+00:00","mainEntityOfPage":{"@id":"http:\/\/www.vitalibera.org\/community\/2026\/07\/08\/koerperwahrnehmung-nach-einer-hirnverletzung-staerken\/"},"wordCount":539,"publisher":{"@id":"https:\/\/www.vitalibera.org\/community\/#organization"},"image":{"@id":"http:\/\/www.vitalibera.org\/community\/2026\/07\/08\/koerperwahrnehmung-nach-einer-hirnverletzung-staerken\/#primaryimage"},"thumbnailUrl":"https:\/\/www.vitalibera.org\/community\/wp-content\/uploads\/2026\/07\/wahrnehmung17.png","keywords":["ambulant","betroffen","eigentraining","lauftraining"],"articleSection":["Physiotherapie"],"inLanguage":"de"},{"@type":"WebPage","@id":"http:\/\/www.vitalibera.org\/community\/2026\/07\/08\/koerperwahrnehmung-nach-einer-hirnverletzung-staerken\/","url":"http:\/\/www.vitalibera.org\/community\/2026\/07\/08\/koerperwahrnehmung-nach-einer-hirnverletzung-staerken\/","name":"K\u00f6rperwahrnehmung nach einer Hirnverletzung st\u00e4rken - vitalibera.org","isPartOf":{"@id":"https:\/\/www.vitalibera.org\/community\/#website"},"primaryImageOfPage":{"@id":"http:\/\/www.vitalibera.org\/community\/2026\/07\/08\/koerperwahrnehmung-nach-einer-hirnverletzung-staerken\/#primaryimage"},"image":{"@id":"http:\/\/www.vitalibera.org\/community\/2026\/07\/08\/koerperwahrnehmung-nach-einer-hirnverletzung-staerken\/#primaryimage"},"thumbnailUrl":"https:\/\/www.vitalibera.org\/community\/wp-content\/uploads\/2026\/07\/wahrnehmung17.png","datePublished":"2026-07-08T14:30:10+00:00","dateModified":"2026-07-24T09:09:22+00:00","breadcrumb":{"@id":"http:\/\/www.vitalibera.org\/community\/2026\/07\/08\/koerperwahrnehmung-nach-einer-hirnverletzung-staerken\/#breadcrumb"},"inLanguage":"de","potentialAction":[{"@type":"ReadAction","target":["http:\/\/www.vitalibera.org\/community\/2026\/07\/08\/koerperwahrnehmung-nach-einer-hirnverletzung-staerken\/"]}]},{"@type":"BreadcrumbList","@id":"http:\/\/www.vitalibera.org\/community\/2026\/07\/08\/koerperwahrnehmung-nach-einer-hirnverletzung-staerken\/#breadcrumb","itemListElement":[{"@type":"ListItem","position":1,"name":"Startseite","item":"https:\/\/www.vitalibera.org\/community\/"},{"@type":"ListItem","position":2,"name":"K\u00f6rperwahrnehmung nach einer Hirnverletzung st\u00e4rken"}]},{"@type":"WebSite","@id":"https:\/\/www.vitalibera.org\/community\/#website","url":"https:\/\/www.vitalibera.org\/community\/","name":"vitalibera.org","description":"Mit einer Einschr&auml;nkung gestaltet sich das Leben im Alltag oft schwieriger - hier berichten wir &uuml;ber unsere Erfahrungen und Hilfsmittel um den Alltag so unbeschwert und unkompliziert wie nur m&ouml;glich geniessen zu k&ouml;nnen. Dabei richten wir unseren Fokus gezielt auf Selbst&auml;ndigkeit, Eigenst&auml;ndigkeit und Selbstbestimmung.","publisher":{"@id":"https:\/\/www.vitalibera.org\/community\/#organization"},"potentialAction":[{"@type":"SearchAction","target":{"@type":"EntryPoint","urlTemplate":"https:\/\/www.vitalibera.org\/community\/?s={search_term_string}"},"query-input":{"@type":"PropertyValueSpecification","valueRequired":true,"valueName":"search_term_string"}}],"inLanguage":"de"},{"@type":"Organization","@id":"https:\/\/www.vitalibera.org\/community\/#organization","name":"vitalibera.org","url":"https:\/\/www.vitalibera.org\/community\/","logo":{"@type":"ImageObject","inLanguage":"de","@id":"https:\/\/www.vitalibera.org\/community\/#\/schema\/logo\/image\/","url":"https:\/\/www.vitalibera.org\/community\/wp-content\/uploads\/2025\/09\/cropped-banner.png","contentUrl":"https:\/\/www.vitalibera.org\/community\/wp-content\/uploads\/2025\/09\/cropped-banner.png","width":991,"height":150,"caption":"vitalibera.org"},"image":{"@id":"https:\/\/www.vitalibera.org\/community\/#\/schema\/logo\/image\/"},"sameAs":["https:\/\/www.facebook.com\/groups\/2997085857140235"]},{"@type":"Person","@id":"https:\/\/www.vitalibera.org\/community\/#\/schema\/person\/6712387298421f222ff6d0a2e22c1534","name":"Andreas Jecklin","image":{"@type":"ImageObject","inLanguage":"de","@id":"https:\/\/secure.gravatar.com\/avatar\/ad516503a11cd5ca435acc9bb6523536?s=96","url":"https:\/\/secure.gravatar.com\/avatar\/ad516503a11cd5ca435acc9bb6523536?s=96","contentUrl":"https:\/\/secure.gravatar.com\/avatar\/ad516503a11cd5ca435acc9bb6523536?s=96","caption":"Andreas Jecklin"},"description":"Manchen gab Gott die Kraft Dinge zu ver\u00e4ndern, mir gab er die Kraft zu ertragen was nicht mehr zu \u00e4ndern ist.","url":"https:\/\/www.vitalibera.org\/community\/author\/andy77\/"}]}},"jetpack_publicize_connections":[],"jetpack_sharing_enabled":true,"jetpack-related-posts":[{"id":8122,"url":"https:\/\/www.vitalibera.org\/community\/2026\/06\/20\/wieder-sicher-gehen-lernen-nach-hirnverletzung-training-mit-dem-4-punkte-stock\/","url_meta":{"origin":8516,"position":0},"title":"Wieder sicher gehen lernen nach Hirnverletzung \u2013 Training mit dem 4\u2011Punkte\u2011Stock","author":"Andreas Jecklin","date":"20 Juni, 2026","format":false,"excerpt":"Nach einer neurologischen Hirnverletzung kann das Gehen unsicher, anstrengend oder ungleichm\u00e4\u00dfig wirken. Der 4\u2011Punkte\u2011Stock bietet dabei eine stabile Unterst\u00fctzung, um Schritt f\u00fcr Schritt wieder Vertrauen in die eigene Bewegung zu gewinnen. Dieses Modul zeigt einfache, klare Abl\u00e4ufe und kleine \u00dcbungen, die helfen, Rhythmus, Gleichgewicht und Orientierung beim Gehen neu aufzubauen\u2026","rel":"","context":"In &quot;Physiotherapie&quot;","block_context":{"text":"Physiotherapie","link":"https:\/\/www.vitalibera.org\/community\/category\/eigentherapie-und-trainings\/physio\/"},"img":{"alt_text":"","src":"https:\/\/i0.wp.com\/www.vitalibera.org\/community\/wp-content\/uploads\/2026\/06\/4pstock055.png?resize=350%2C200&ssl=1","width":350,"height":200},"classes":[]},{"id":7987,"url":"https:\/\/www.vitalibera.org\/community\/2026\/06\/15\/gehen-neu-lernen-wenn-das-gehirn-den-koerper-wieder-verbindet\/","url_meta":{"origin":8516,"position":1},"title":"Gehen neu lernen \u2013 wenn das Gehirn den K\u00f6rper wieder verbindet","author":"Andreas Jecklin","date":"15 Juni, 2026","format":false,"excerpt":"Nach einem neurologischen Ereignis ist Gehen kein Automatismus mehr. Das Gehirn muss die Bewegung neu organisieren \u2013 Schritt f\u00fcr Schritt, Verbindung f\u00fcr Verbindung. Was fr\u00fcher selbstverst\u00e4ndlich war, wird zu einem Lernprozess: Muskeln, Gleichgewicht und Wahrnehmung m\u00fcssen wieder miteinander kommunizieren. Dieses Wiederlernen ist kein R\u00fcckschritt, sondern ein Zeichen von Neuroplastizit\u00e4t \u2013\u2026","rel":"","context":"In &quot;Fachwissen&quot;","block_context":{"text":"Fachwissen","link":"https:\/\/www.vitalibera.org\/community\/category\/beitraege\/fachwissen\/"},"img":{"alt_text":"","src":"https:\/\/i0.wp.com\/www.vitalibera.org\/community\/wp-content\/uploads\/2026\/06\/c61a6bfd902a9f6473515603c71f5fef.jpg?resize=350%2C200&ssl=1","width":350,"height":200,"srcset":"https:\/\/i0.wp.com\/www.vitalibera.org\/community\/wp-content\/uploads\/2026\/06\/c61a6bfd902a9f6473515603c71f5fef.jpg?resize=350%2C200&ssl=1 1x, https:\/\/i0.wp.com\/www.vitalibera.org\/community\/wp-content\/uploads\/2026\/06\/c61a6bfd902a9f6473515603c71f5fef.jpg?resize=525%2C300&ssl=1 1.5x, https:\/\/i0.wp.com\/www.vitalibera.org\/community\/wp-content\/uploads\/2026\/06\/c61a6bfd902a9f6473515603c71f5fef.jpg?resize=700%2C400&ssl=1 2x"},"classes":[]},{"id":8868,"url":"https:\/\/www.vitalibera.org\/community\/2026\/07\/29\/gewichtsverlagerung-mit-hemiparese-sicheres-gehen-mit-dem-vierpunktstock\/","url_meta":{"origin":8516,"position":2},"title":"Gewichtsverlagerung mit Hemiparese \u2013 sicheres Gehen mit dem Vierpunktstock","author":"admin","date":"29 Juli, 2026","format":false,"excerpt":"Nach einer Hirnverletzung, einem Schlaganfall, einer Hirnblutung oder einem Sch\u00e4delhirntrauma ver\u00e4ndert sich die Art, wie der K\u00f6rper Gewicht verlagert und Schritte einleitet. Besonders bei einer Hemiparese braucht der Alltag klare, einfache Bewegungsabl\u00e4ufe, die Sicherheit geben und St\u00fcrze verhindern.","rel":"","context":"In &quot;Physiotherapie&quot;","block_context":{"text":"Physiotherapie","link":"https:\/\/www.vitalibera.org\/community\/category\/eigentherapie-und-trainings\/physio\/"},"img":{"alt_text":"","src":"https:\/\/i0.wp.com\/www.vitalibera.org\/community\/wp-content\/uploads\/2026\/07\/gwicht256.png?resize=350%2C200&ssl=1","width":350,"height":200},"classes":[]},{"id":8846,"url":"https:\/\/www.vitalibera.org\/community\/2026\/07\/27\/beim-gehen-wieder-vertrauen-finden-sicherheit-statt-kontrolle\/","url_meta":{"origin":8516,"position":3},"title":"Beim Gehen wieder Vertrauen finden \u2013 Sicherheit statt Kontrolle","author":"admin","date":"27 Juli, 2026","format":false,"excerpt":"Nach einer Hirnverletzung mit Hemiplegie entsteht oft das Bed\u00fcrfnis, beim Gehen st\u00e4ndig auf die F\u00fc\u00dfe zu schauen: \u201eWas machen meine Beine gerade?\u201c \u201eSetze ich richtig auf?\u201c\u201eWerde ich stolpern?\u201c Dieses Verhalten ist verst\u00e4ndlich \u2013 das Gehirn versucht, Kontrolle zur\u00fcckzuerlangen. Doch zu viel visuelle Kontrolle hemmt die automatische Gangsteuerung und verst\u00e4rkt Unsicherheit.","rel":"","context":"In &quot;Physiotherapie&quot;","block_context":{"text":"Physiotherapie","link":"https:\/\/www.vitalibera.org\/community\/category\/eigentherapie-und-trainings\/physio\/"},"img":{"alt_text":"","src":"https:\/\/i0.wp.com\/www.vitalibera.org\/community\/wp-content\/uploads\/2026\/07\/gehtr04829.png?resize=350%2C200&ssl=1","width":350,"height":200},"classes":[]},{"id":8554,"url":"https:\/\/www.vitalibera.org\/community\/2026\/07\/14\/orientierungslosigkeit-in-der-akutphase-nach-einer-hirnverletzung\/","url_meta":{"origin":8516,"position":4},"title":"Orientierungslosigkeit in der Akutphase nach einer Hirnverletzung","author":"Andreas Jecklin","date":"14 Juli, 2026","format":false,"excerpt":"Orientierungslosigkeit ist eine h\u00e4ufige Folge akuter Hirnsch\u00e4digungen wie Schlaganfall, Sch\u00e4del-Hirn-Trauma (SHT) oder Hirnblutung. Betroffene k\u00f6nnen Schwierigkeiten haben, sich zeitlich, \u00f6rtlich, situativ oder zur eigenen Person zu orientieren. Die Ursache liegt in der vor\u00fcbergehenden oder dauerhaften Beeintr\u00e4chtigung von Gehirnfunktionen, die f\u00fcr Aufmerksamkeit, Ged\u00e4chtnis und Wahrnehmung verantwortlich sind.","rel":"","context":"In &quot;Fachwissen&quot;","block_context":{"text":"Fachwissen","link":"https:\/\/www.vitalibera.org\/community\/category\/beitraege\/fachwissen\/"},"img":{"alt_text":"","src":"https:\/\/i0.wp.com\/www.vitalibera.org\/community\/wp-content\/uploads\/2026\/07\/orientierung21.png?resize=350%2C200&ssl=1","width":350,"height":200},"classes":[]},{"id":8621,"url":"https:\/\/www.vitalibera.org\/community\/2026\/07\/17\/gangunsicherheit-im-alltag-nach-hirnverletzung-foerdern-ein-praxisleitfaden-fuer-angehoerige\/","url_meta":{"origin":8516,"position":5},"title":"Gangunsicherheit im Alltag nach Hirnverletzung f\u00f6rdern \u2013 Ein Praxisleitfaden f\u00fcr Angeh\u00f6rige","author":"Andreas Jecklin","date":"17 Juli, 2026","format":false,"excerpt":"Neben der medizinischen und therapeutischen Behandlung spielen die allt\u00e4glichen Aktivit\u00e4ten eine entscheidende Rolle f\u00fcr den Genesungsprozess. Angeh\u00f6rige k\u00f6nnen dabei einen wertvollen Beitrag leisten, indem sie Bewegung, Selbstst\u00e4ndigkeit, Motivation und Lebensfreude gezielt im Alltag f\u00f6rdern.","rel":"","context":"In &quot;Physiotherapie&quot;","block_context":{"text":"Physiotherapie","link":"https:\/\/www.vitalibera.org\/community\/category\/eigentherapie-und-trainings\/physio\/"},"img":{"alt_text":"","src":"https:\/\/i0.wp.com\/www.vitalibera.org\/community\/wp-content\/uploads\/2026\/07\/gangunsicherheit4127.png?resize=350%2C200&ssl=1","width":350,"height":200},"classes":[]}],"jetpack_featured_media_url":"https:\/\/www.vitalibera.org\/community\/wp-content\/uploads\/2026\/07\/wahrnehmung17.png","_links":{"self":[{"href":"https:\/\/www.vitalibera.org\/community\/wp-json\/wp\/v2\/posts\/8516","targetHints":{"allow":["GET"]}}],"collection":[{"href":"https:\/\/www.vitalibera.org\/community\/wp-json\/wp\/v2\/posts"}],"about":[{"href":"https:\/\/www.vitalibera.org\/community\/wp-json\/wp\/v2\/types\/post"}],"author":[{"embeddable":true,"href":"https:\/\/www.vitalibera.org\/community\/wp-json\/wp\/v2\/users\/2"}],"replies":[{"embeddable":true,"href":"https:\/\/www.vitalibera.org\/community\/wp-json\/wp\/v2\/comments?post=8516"}],"version-history":[{"count":2,"href":"https:\/\/www.vitalibera.org\/community\/wp-json\/wp\/v2\/posts\/8516\/revisions"}],"predecessor-version":[{"id":8745,"href":"https:\/\/www.vitalibera.org\/community\/wp-json\/wp\/v2\/posts\/8516\/revisions\/8745"}],"wp:featuredmedia":[{"embeddable":true,"href":"https:\/\/www.vitalibera.org\/community\/wp-json\/wp\/v2\/media\/8517"}],"wp:attachment":[{"href":"https:\/\/www.vitalibera.org\/community\/wp-json\/wp\/v2\/media?parent=8516"}],"wp:term":[{"taxonomy":"category","embeddable":true,"href":"https:\/\/www.vitalibera.org\/community\/wp-json\/wp\/v2\/categories?post=8516"},{"taxonomy":"post_tag","embeddable":true,"href":"https:\/\/www.vitalibera.org\/community\/wp-json\/wp\/v2\/tags?post=8516"}],"curies":[{"name":"wp","href":"https:\/\/api.w.org\/{rel}","templated":true}]}}