{"id":8526,"date":"2026-07-09T14:56:22","date_gmt":"2026-07-09T12:56:22","guid":{"rendered":"https:\/\/www.vitalibera.org\/community\/?p=8526"},"modified":"2026-07-24T00:16:49","modified_gmt":"2026-07-23T22:16:49","slug":"muellentsorgung-und-recycling-trotz-einschraenkungen-nach-einer-hirnverletzung","status":"publish","type":"post","link":"https:\/\/www.vitalibera.org\/community\/2026\/07\/09\/muellentsorgung-und-recycling-trotz-einschraenkungen-nach-einer-hirnverletzung\/","title":{"rendered":"M\u00fcllentsorgung und Recycling trotz Einschr\u00e4nkungen nach einer Hirnverletzung"},"content":{"rendered":"\n<div class=\"wp-block-media-text is-stacked-on-mobile\"><figure class=\"wp-block-media-text__media\"><img fetchpriority=\"high\" decoding=\"async\" width=\"374\" height=\"354\" src=\"http:\/\/www.vitalibera.org\/community\/wp-content\/uploads\/2026\/07\/muell44450.png\" alt=\"\" class=\"wp-image-8528 size-full\" srcset=\"https:\/\/www.vitalibera.org\/community\/wp-content\/uploads\/2026\/07\/muell44450.png 374w, https:\/\/www.vitalibera.org\/community\/wp-content\/uploads\/2026\/07\/muell44450-300x284.png 300w\" sizes=\"(max-width: 374px) 100vw, 374px\" \/><\/figure><div class=\"wp-block-media-text__content\">\n<p>Nach einer <a href=\"https:\/\/www.vitalibera.org\/community\/enzyklopaedie\/hirnverletzung\/\" target=\"_self\" title=\"Eine Hirnverletzung (oft als&nbsp;Sch&auml;del-Hirn-Trauma, SHT) ist eine&nbsp;Sch&auml;digung des Gehirns, verursacht durch &auml;u&szlig;ere Gewalteinwirkung (Unfall, Sturz) oder innere Faktoren (Schlaganfall, Tumor). Sie f&uuml;hrt zu k&ouml;rperlichen, kognitiven und verhaltensbezogenen Einschr&auml;nkungen, die oft unsichtbar bleiben. Symptome reichen von Kopfschmerzen bis zu schweren Behinderungen. Wichtige Aspekte der Hirnverletzung: Ursachen:&nbsp;H&auml;ufig durch Schlaganf&auml;lle, Hirnblutungen, Sauerstoffmangel oder St&uuml;rze\/Verkehrsunf&auml;lle (Sch&auml;del-Hirn-Trauma). Formen (SHT):&nbsp;Unterscheidung in&hellip;\" class=\"encyclopedia\">Hirnverletzung<\/a> k&ouml;nnen Folgen wie Gangunsicherheit, Gleichgewichtsst&ouml;rungen und eine <a href=\"https:\/\/www.vitalibera.org\/community\/enzyklopaedie\/hemiparese\/\" target=\"_self\" title=\"Eine Hemiparese ist eine&nbsp;L&auml;hmung einer K&ouml;rperh&auml;lfte, bei der noch eine Restaktivit&auml;t vorhanden sein kann. Eine Hemiparese entsteht durch Sch&auml;digungen im Gehirn, wie bei einem Schlaganfall oder durch einen Unfall. Es kommt zu einer Verminderung der Kraft in Gesicht, Arm und Bein in einer K&ouml;rperh&auml;lfte.\" class=\"encyclopedia\">Hemiparese<\/a> den <a href=\"https:\/\/www.vitalibera.org\/community\/2026\/04\/30\/lapstacker-transport-gurtsystem-fuer-rollstuehle\/\"><font color=\"blue\"><img src=\"https:\/\/www.vitalibera.org\/community\/wp-content\/images\/link.png\" width=\"20\" height=\"20\"><u>Alltag<\/u><\/font><\/a> deutlich erschweren. Auch scheinbar einfache T&auml;tigkeiten wie das Entsorgen von M&uuml;ll oder das Recyceln von Papier, Karton und Aludosen k&ouml;nnen zu einer k&ouml;rperlichen Herausforderung werden. <\/p>\n\n\n\n<p>Mit geeigneten Hilfsmitteln, einer guten Organisation und gegebenenfalls Unterst&uuml;tzung durch Angeh&ouml;rige oder Fachpersonen lassen sich diese Aufgaben jedoch sicherer und selbstst&auml;ndiger bew&auml;ltigen. Ziel ist es, die Selbstst&auml;ndigkeit im Alltag m&ouml;glichst lange zu erhalten und gleichzeitig das Risiko von St&uuml;rzen und &Uuml;berlastungen zu minimieren.<\/p>\n<\/div><\/div>\n\n\n\n<p><\/p>\n\n\n\n<h5 class=\"wp-block-heading\"><strong>Hilfsmittel f&uuml;r M&uuml;llentsorgung und Recycling bei Gangunsicherheit und Hemiparese<\/strong><\/h5>\n\n\n\n<p>Folgende <a href=\"https:\/\/www.vitalibera.org\/community\/2026\/07\/04\/einhandfreundliche-guertel-fuer-menschen-mit-hemiparese\/\"><font color=\"blue\"><img src=\"https:\/\/www.vitalibera.org\/community\/wp-content\/images\/link.png\" width=\"20\" height=\"20\"><u>Hilfsmittel<\/u><\/font><\/a> k&ouml;nnen den Alltag deutlich erleichtern und das Sturzrisiko reduzieren:<\/p>\n\n\n\n<ul class=\"wp-block-list\">\n<li><strong>Rollwagen oder Transporttrolley<\/strong> zum sicheren Transport von Papier, Karton, Aludosen und Abfalls&auml;cken ohne Tragen.<\/li>\n\n\n\n<li><strong>Einkaufstrolley mit R&auml;dern<\/strong>, der leicht zu schieben oder zu ziehen ist.<\/li>\n\n\n\n<li><strong>Leichte Recyclingbeh&auml;lter<\/strong> mit Griffen, die sich auch einh&auml;ndig gut handhaben lassen.<\/li>\n\n\n\n<li><strong>M&uuml;lls&auml;cke mit Zugband<\/strong>, die einfacher zu verschlie&szlig;en und zu transportieren sind.<\/li>\n\n\n\n<li><strong>Greifzange (Greifhilfe)<\/strong> zum Aufheben von Gegenst&auml;nden ohne B&uuml;cken.<\/li>\n\n\n\n<li><strong>Gehstock oder <a href=\"https:\/\/www.vitalibera.org\/community\/2026\/08\/17\/gozeen-rollator-sicherheit-und-selbstbestimmung-bei-neurologischer-gangunsicherheit-und-hemiplegie\/\"><font color=\"blue\"><img src=\"https:\/\/www.vitalibera.org\/community\/wp-content\/images\/link.png\" width=\"20\" height=\"20\"><u>Rollator<\/u><\/font><\/a> mit Korb bzw. Tasche<\/strong>, um kleinere Mengen Recyclinggut sicher mitzunehmen.<\/li>\n\n\n\n<li><strong>Rutschfeste Schuhe<\/strong> f&uuml;r mehr Stabilit&auml;t beim Gehen.<\/li>\n\n\n\n<li><strong>Kartonzerkleinerer oder Sicherheitscutter<\/strong> mit ergonomischem Griff, um Kartons mit einer <a href=\"https:\/\/www.vitalibera.org\/community\/2026\/08\/10\/fes-und-tens-bei-spastik-und-geschlossener-hand-orientierung-nach-hirnverletzung\/\"><font color=\"blue\"><img src=\"https:\/\/www.vitalibera.org\/community\/wp-content\/images\/link.png\" width=\"20\" height=\"20\"><u>Hand<\/u><\/font><\/a> leichter zu falten.<\/li>\n\n\n\n<li><strong>Abfalltrennsystem in angenehmer Arbeitsh&ouml;he<\/strong>, damit h&auml;ufiges B&uuml;cken vermieden wird.<\/li>\n<\/ul>\n\n\n\n<p>Zur Unterst&uuml;tzung einer selbstst&auml;ndigen und sicheren M&uuml;llentsorgung sowie des Recyclings von Aludosen, Papier und Karton werden geeignete Hilfsmittel eingesetzt. Aufgrund der Gangunsicherheit und der <a href=\"https:\/\/www.vitalibera.org\/community\/enzyklopaedie\/hemiparese\/\" target=\"_self\" title=\"Eine Hemiparese ist eine&nbsp;L&auml;hmung einer K&ouml;rperh&auml;lfte, bei der noch eine Restaktivit&auml;t vorhanden sein kann. Eine Hemiparese entsteht durch Sch&auml;digungen im Gehirn, wie bei einem Schlaganfall oder durch einen Unfall. Es kommt zu einer Verminderung der Kraft in Gesicht, Arm und Bein in einer K&ouml;rperh&auml;lfte.\" class=\"encyclopedia\">Hemiparese<\/a> dienen diese dazu, das Sturzrisiko zu reduzieren, k&ouml;rperliche &Uuml;berlastungen zu vermeiden und die Teilhabe an allt&auml;glichen Haushaltsaufgaben zu erhalten.<\/p>\n\n\n\n<h6 class=\"wp-block-heading\"><strong>Besonders empfehlenswert<\/strong><\/h6>\n\n\n\n<p>F&uuml;r Menschen mit einer <a href=\"https:\/\/www.vitalibera.org\/community\/enzyklopaedie\/hemiparese\/\" target=\"_self\" title=\"Eine Hemiparese ist eine&nbsp;L&auml;hmung einer K&ouml;rperh&auml;lfte, bei der noch eine Restaktivit&auml;t vorhanden sein kann. Eine Hemiparese entsteht durch Sch&auml;digungen im Gehirn, wie bei einem Schlaganfall oder durch einen Unfall. Es kommt zu einer Verminderung der Kraft in Gesicht, Arm und Bein in einer K&ouml;rperh&auml;lfte.\" class=\"encyclopedia\">Hemiparese<\/a> sind ein <strong>Rollator mit Transportkorb<\/strong>, ein <strong>Einkaufstrolley<\/strong> und mehrere <strong>kleine, leichte Sammelbeh&auml;lter<\/strong> in der Wohnung oft die hilfreichsten L&ouml;sungen, da sie die Belastung reduzieren und die Selbstst&auml;ndigkeit f&ouml;rdern.<\/p>\n\n\n\n<div class=\"wp-block-media-text is-stacked-on-mobile is-vertically-aligned-top\" style=\"grid-template-columns:25% auto\"><figure class=\"wp-block-media-text__media\"><img decoding=\"async\" width=\"302\" height=\"277\" src=\"http:\/\/www.vitalibera.org\/community\/wp-content\/uploads\/2026\/03\/tip3.png\" alt=\"\" class=\"wp-image-6087 size-full\" srcset=\"https:\/\/www.vitalibera.org\/community\/wp-content\/uploads\/2026\/03\/tip3.png 302w, https:\/\/www.vitalibera.org\/community\/wp-content\/uploads\/2026\/03\/tip3-300x275.png 300w\" sizes=\"(max-width: 302px) 100vw, 302px\" \/><\/figure><div class=\"wp-block-media-text__content\">\n<p><strong>Sicherheit geht vor:<\/strong> Sammele Papier, Karton, Flaschen und Aludosen in kleinen, leichten Beh&auml;ltern und transportiere diese mit einem Rollwagen oder Einkaufstrolley. <\/p>\n\n\n\n<p>Vermeide das Tragen schwerer Lasten, da Gangunsicherheit und <a href=\"https:\/\/www.vitalibera.org\/community\/enzyklopaedie\/hemiparese\/\" target=\"_self\" title=\"Eine Hemiparese ist eine&nbsp;L&auml;hmung einer K&ouml;rperh&auml;lfte, bei der noch eine Restaktivit&auml;t vorhanden sein kann. Eine Hemiparese entsteht durch Sch&auml;digungen im Gehirn, wie bei einem Schlaganfall oder durch einen Unfall. Es kommt zu einer Verminderung der Kraft in Gesicht, Arm und Bein in einer K&ouml;rperh&auml;lfte.\" class=\"encyclopedia\">Hemiparese<\/a> das Sturzrisiko erh&ouml;hen k&ouml;nnen. Lieber h&auml;ufiger kleine Mengen entsorgen als selten gro&szlig;e und schwere Ladungen.<\/p>\n<\/div><\/div>\n\n\n\n<p><strong>Extra Tipp<\/strong> : In manchen L&auml;ndern und Regionen werden <strong>M&uuml;ll- und Recycling-Abholdienste im Abonnement<\/strong> angeboten. Diese Dienste holen Papier, Karton, Aludosen und andere Wertstoffe direkt zu Hause ab. F&uuml;r Menschen mit Gangunsicherheit oder einer <a href=\"https:\/\/www.vitalibera.org\/community\/enzyklopaedie\/hemiparese\/\" target=\"_self\" title=\"Eine Hemiparese ist eine&nbsp;L&auml;hmung einer K&ouml;rperh&auml;lfte, bei der noch eine Restaktivit&auml;t vorhanden sein kann. Eine Hemiparese entsteht durch Sch&auml;digungen im Gehirn, wie bei einem Schlaganfall oder durch einen Unfall. Es kommt zu einer Verminderung der Kraft in Gesicht, Arm und Bein in einer K&ouml;rperh&auml;lfte.\" class=\"encyclopedia\">Hemiparese<\/a> kann dies eine wertvolle Entlastung sein, da schwere Lasten nicht selbst transportiert werden m&uuml;ssen und das Sturzrisiko so deutlich reduziert wird. <\/p>\n\n\n\n<p>Es lohnt sich, bei der Wohngemeinde oder lokalen Entsorgungsbetrieben nach entsprechenden Angeboten zu fragen.<\/p>\n\n\n\n<p>Beispiel in der Schweiz : <a href=\"https:\/\/www.werecycle.ch\/\" target=\"_blank\" rel=\"noreferrer noopener\">weRecylce.ch<\/a> oder<a href=\"https:\/\/www.ecohouserecycling.ch\/\" target=\"_blank\" rel=\"noreferrer noopener\"> ecohouserecyling.ch<\/a><\/p>\n","protected":false},"excerpt":{"rendered":"<p>Nach einer Hirnverletzung k\u00f6nnen Folgen wie Gangunsicherheit, Gleichgewichtsst\u00f6rungen und eine Hemiparese den Alltag deutlich erschweren. Auch scheinbar einfache T\u00e4tigkeiten wie das Entsorgen von M\u00fcll oder das Recyceln von Papier, Karton und Aludosen k\u00f6nnen zu einer k\u00f6rperlichen Herausforderung werden.<\/p>\n","protected":false},"author":2,"featured_media":8528,"comment_status":"open","ping_status":"open","sticky":false,"template":"","format":"standard","meta":{"cybocfi_hide_featured_image":"yes","_jetpack_newsletter_access":"","_jetpack_dont_email_post_to_subs":false,"_jetpack_newsletter_tier_id":0,"_jetpack_memberships_contains_paywalled_content":false,"_jetpack_feature_clip_id":0,"_jetpack_memberships_contains_paid_content":false,"footnotes":"","jetpack_publicize_message":"","jetpack_publicize_feature_enabled":true,"jetpack_social_post_already_shared":false,"jetpack_social_options":{"image_generator_settings":{"template":"highway","default_image_id":0,"font":"","enabled":false},"version":2},"jetpack_post_was_ever_published":false},"categories":[63],"tags":[495,532,510],"class_list":["post-8526","post","type-post","status-publish","format-standard","has-post-thumbnail","hentry","category-haushalt","tag-alltag","tag-ambulant","tag-betroffen"],"yoast_head":"<!-- This site is optimized with the Yoast SEO plugin v28.2 - https:\/\/yoast.com\/product\/yoast-seo-wordpress\/ -->\r\n<title>M\u00fcllentsorgung und Recycling trotz Einschr\u00e4nkungen nach einer Hirnverletzung - vitalibera.org<\/title>\r\n<meta name=\"robots\" content=\"index, follow, max-snippet:-1, max-image-preview:large, max-video-preview:-1\" \/>\r\n<link rel=\"canonical\" href=\"https:\/\/www.vitalibera.org\/community\/2026\/07\/09\/muellentsorgung-und-recycling-trotz-einschraenkungen-nach-einer-hirnverletzung\/\" \/>\r\n<meta property=\"og:locale\" content=\"de_DE\" \/>\r\n<meta property=\"og:type\" content=\"article\" \/>\r\n<meta property=\"og:title\" content=\"M\u00fcllentsorgung und Recycling trotz Einschr\u00e4nkungen nach einer Hirnverletzung - vitalibera.org\" \/>\r\n<meta property=\"og:description\" content=\"Nach einer Hirnverletzung k\u00f6nnen Folgen wie Gangunsicherheit, Gleichgewichtsst\u00f6rungen und eine Hemiparese den Alltag deutlich erschweren. Auch scheinbar einfache T\u00e4tigkeiten wie das Entsorgen von M\u00fcll oder das Recyceln von Papier, Karton und Aludosen k\u00f6nnen zu einer k\u00f6rperlichen Herausforderung werden.\" \/>\r\n<meta property=\"og:url\" content=\"https:\/\/www.vitalibera.org\/community\/2026\/07\/09\/muellentsorgung-und-recycling-trotz-einschraenkungen-nach-einer-hirnverletzung\/\" \/>\r\n<meta property=\"og:site_name\" content=\"vitalibera.org\" \/>\r\n<meta property=\"article:publisher\" content=\"https:\/\/www.facebook.com\/groups\/2997085857140235\" \/>\r\n<meta property=\"article:published_time\" content=\"2026-07-09T12:56:22+00:00\" \/>\r\n<meta property=\"article:modified_time\" content=\"2026-07-23T22:16:49+00:00\" \/>\r\n<meta property=\"og:image\" content=\"https:\/\/www.vitalibera.org\/community\/wp-content\/uploads\/2026\/07\/muell44450.png\" \/>\r\n\t<meta property=\"og:image:width\" content=\"374\" \/>\r\n\t<meta property=\"og:image:height\" content=\"354\" \/>\r\n\t<meta property=\"og:image:type\" content=\"image\/png\" \/>\r\n<meta name=\"author\" content=\"Andreas Jecklin\" \/>\r\n<meta name=\"twitter:card\" content=\"summary_large_image\" \/>\r\n<meta name=\"twitter:label1\" content=\"Verfasst von\" \/>\n\t<meta name=\"twitter:data1\" content=\"Andreas Jecklin\" \/>\n\t<meta name=\"twitter:label2\" content=\"Gesch\u00e4tzte Lesezeit\" \/>\n\t<meta name=\"twitter:data2\" content=\"3\u00a0Minuten\" \/>\r\n<script type=\"application\/ld+json\" class=\"yoast-schema-graph\">{\"@context\":\"https:\\\/\\\/schema.org\",\"@graph\":[{\"@type\":\"Article\",\"@id\":\"https:\\\/\\\/www.vitalibera.org\\\/community\\\/2026\\\/07\\\/09\\\/muellentsorgung-und-recycling-trotz-einschraenkungen-nach-einer-hirnverletzung\\\/#article\",\"isPartOf\":{\"@id\":\"https:\\\/\\\/www.vitalibera.org\\\/community\\\/2026\\\/07\\\/09\\\/muellentsorgung-und-recycling-trotz-einschraenkungen-nach-einer-hirnverletzung\\\/\"},\"author\":{\"name\":\"Andreas Jecklin\",\"@id\":\"https:\\\/\\\/www.vitalibera.org\\\/community\\\/#\\\/schema\\\/person\\\/6712387298421f222ff6d0a2e22c1534\"},\"headline\":\"M\u00fcllentsorgung und Recycling trotz Einschr\u00e4nkungen nach einer Hirnverletzung\",\"datePublished\":\"2026-07-09T12:56:22+00:00\",\"dateModified\":\"2026-07-23T22:16:49+00:00\",\"mainEntityOfPage\":{\"@id\":\"https:\\\/\\\/www.vitalibera.org\\\/community\\\/2026\\\/07\\\/09\\\/muellentsorgung-und-recycling-trotz-einschraenkungen-nach-einer-hirnverletzung\\\/\"},\"wordCount\":460,\"commentCount\":0,\"publisher\":{\"@id\":\"https:\\\/\\\/www.vitalibera.org\\\/community\\\/#organization\"},\"image\":{\"@id\":\"https:\\\/\\\/www.vitalibera.org\\\/community\\\/2026\\\/07\\\/09\\\/muellentsorgung-und-recycling-trotz-einschraenkungen-nach-einer-hirnverletzung\\\/#primaryimage\"},\"thumbnailUrl\":\"https:\\\/\\\/www.vitalibera.org\\\/community\\\/wp-content\\\/uploads\\\/2026\\\/07\\\/muell44450.png\",\"keywords\":[\"alltag\",\"ambulant\",\"betroffen\"],\"articleSection\":[\"Haushalt\"],\"inLanguage\":\"de\",\"potentialAction\":[{\"@type\":\"CommentAction\",\"name\":\"Comment\",\"target\":[\"https:\\\/\\\/www.vitalibera.org\\\/community\\\/2026\\\/07\\\/09\\\/muellentsorgung-und-recycling-trotz-einschraenkungen-nach-einer-hirnverletzung\\\/#respond\"]}]},{\"@type\":\"WebPage\",\"@id\":\"https:\\\/\\\/www.vitalibera.org\\\/community\\\/2026\\\/07\\\/09\\\/muellentsorgung-und-recycling-trotz-einschraenkungen-nach-einer-hirnverletzung\\\/\",\"url\":\"https:\\\/\\\/www.vitalibera.org\\\/community\\\/2026\\\/07\\\/09\\\/muellentsorgung-und-recycling-trotz-einschraenkungen-nach-einer-hirnverletzung\\\/\",\"name\":\"M\u00fcllentsorgung und Recycling trotz Einschr\u00e4nkungen nach einer Hirnverletzung - vitalibera.org\",\"isPartOf\":{\"@id\":\"https:\\\/\\\/www.vitalibera.org\\\/community\\\/#website\"},\"primaryImageOfPage\":{\"@id\":\"https:\\\/\\\/www.vitalibera.org\\\/community\\\/2026\\\/07\\\/09\\\/muellentsorgung-und-recycling-trotz-einschraenkungen-nach-einer-hirnverletzung\\\/#primaryimage\"},\"image\":{\"@id\":\"https:\\\/\\\/www.vitalibera.org\\\/community\\\/2026\\\/07\\\/09\\\/muellentsorgung-und-recycling-trotz-einschraenkungen-nach-einer-hirnverletzung\\\/#primaryimage\"},\"thumbnailUrl\":\"https:\\\/\\\/www.vitalibera.org\\\/community\\\/wp-content\\\/uploads\\\/2026\\\/07\\\/muell44450.png\",\"datePublished\":\"2026-07-09T12:56:22+00:00\",\"dateModified\":\"2026-07-23T22:16:49+00:00\",\"breadcrumb\":{\"@id\":\"https:\\\/\\\/www.vitalibera.org\\\/community\\\/2026\\\/07\\\/09\\\/muellentsorgung-und-recycling-trotz-einschraenkungen-nach-einer-hirnverletzung\\\/#breadcrumb\"},\"inLanguage\":\"de\",\"potentialAction\":[{\"@type\":\"ReadAction\",\"target\":[\"https:\\\/\\\/www.vitalibera.org\\\/community\\\/2026\\\/07\\\/09\\\/muellentsorgung-und-recycling-trotz-einschraenkungen-nach-einer-hirnverletzung\\\/\"]}]},{\"@type\":\"BreadcrumbList\",\"@id\":\"https:\\\/\\\/www.vitalibera.org\\\/community\\\/2026\\\/07\\\/09\\\/muellentsorgung-und-recycling-trotz-einschraenkungen-nach-einer-hirnverletzung\\\/#breadcrumb\",\"itemListElement\":[{\"@type\":\"ListItem\",\"position\":1,\"name\":\"Startseite\",\"item\":\"https:\\\/\\\/www.vitalibera.org\\\/community\\\/\"},{\"@type\":\"ListItem\",\"position\":2,\"name\":\"M\u00fcllentsorgung und Recycling trotz Einschr\u00e4nkungen nach einer Hirnverletzung\"}]},{\"@type\":\"WebSite\",\"@id\":\"https:\\\/\\\/www.vitalibera.org\\\/community\\\/#website\",\"url\":\"https:\\\/\\\/www.vitalibera.org\\\/community\\\/\",\"name\":\"vitalibera.org\",\"description\":\"Mit einer Einschr&auml;nkung gestaltet sich das Leben im Alltag oft schwieriger - hier berichten wir &uuml;ber unsere Erfahrungen und Hilfsmittel um den Alltag so unbeschwert und unkompliziert wie nur m&ouml;glich geniessen zu k&ouml;nnen. Dabei richten wir unseren Fokus gezielt auf Selbst&auml;ndigkeit, Eigenst&auml;ndigkeit und Selbstbestimmung.\",\"publisher\":{\"@id\":\"https:\\\/\\\/www.vitalibera.org\\\/community\\\/#organization\"},\"potentialAction\":[{\"@type\":\"SearchAction\",\"target\":{\"@type\":\"EntryPoint\",\"urlTemplate\":\"https:\\\/\\\/www.vitalibera.org\\\/community\\\/?s={search_term_string}\"},\"query-input\":{\"@type\":\"PropertyValueSpecification\",\"valueRequired\":true,\"valueName\":\"search_term_string\"}}],\"inLanguage\":\"de\"},{\"@type\":\"Organization\",\"@id\":\"https:\\\/\\\/www.vitalibera.org\\\/community\\\/#organization\",\"name\":\"vitalibera.org\",\"url\":\"https:\\\/\\\/www.vitalibera.org\\\/community\\\/\",\"logo\":{\"@type\":\"ImageObject\",\"inLanguage\":\"de\",\"@id\":\"https:\\\/\\\/www.vitalibera.org\\\/community\\\/#\\\/schema\\\/logo\\\/image\\\/\",\"url\":\"https:\\\/\\\/www.vitalibera.org\\\/community\\\/wp-content\\\/uploads\\\/2025\\\/09\\\/cropped-banner.png\",\"contentUrl\":\"https:\\\/\\\/www.vitalibera.org\\\/community\\\/wp-content\\\/uploads\\\/2025\\\/09\\\/cropped-banner.png\",\"width\":991,\"height\":150,\"caption\":\"vitalibera.org\"},\"image\":{\"@id\":\"https:\\\/\\\/www.vitalibera.org\\\/community\\\/#\\\/schema\\\/logo\\\/image\\\/\"},\"sameAs\":[\"https:\\\/\\\/www.facebook.com\\\/groups\\\/2997085857140235\"]},{\"@type\":\"Person\",\"@id\":\"https:\\\/\\\/www.vitalibera.org\\\/community\\\/#\\\/schema\\\/person\\\/6712387298421f222ff6d0a2e22c1534\",\"name\":\"Andreas Jecklin\",\"image\":{\"@type\":\"ImageObject\",\"inLanguage\":\"de\",\"@id\":\"https:\\\/\\\/secure.gravatar.com\\\/avatar\\\/ad516503a11cd5ca435acc9bb6523536?s=96\",\"url\":\"https:\\\/\\\/secure.gravatar.com\\\/avatar\\\/ad516503a11cd5ca435acc9bb6523536?s=96\",\"contentUrl\":\"https:\\\/\\\/secure.gravatar.com\\\/avatar\\\/ad516503a11cd5ca435acc9bb6523536?s=96\",\"caption\":\"Andreas Jecklin\"},\"description\":\"Manchen gab Gott die Kraft Dinge zu ver\u00e4ndern, mir gab er die Kraft zu ertragen was nicht mehr zu \u00e4ndern ist.\",\"url\":\"https:\\\/\\\/www.vitalibera.org\\\/community\\\/author\\\/andy77\\\/\"}]}<\/script>\r\n<!-- \/ Yoast SEO plugin. -->","yoast_head_json":{"title":"M\u00fcllentsorgung und Recycling trotz Einschr\u00e4nkungen nach einer Hirnverletzung - vitalibera.org","robots":{"index":"index","follow":"follow","max-snippet":"max-snippet:-1","max-image-preview":"max-image-preview:large","max-video-preview":"max-video-preview:-1"},"canonical":"https:\/\/www.vitalibera.org\/community\/2026\/07\/09\/muellentsorgung-und-recycling-trotz-einschraenkungen-nach-einer-hirnverletzung\/","og_locale":"de_DE","og_type":"article","og_title":"M\u00fcllentsorgung und Recycling trotz Einschr\u00e4nkungen nach einer Hirnverletzung - vitalibera.org","og_description":"Nach einer Hirnverletzung k\u00f6nnen Folgen wie Gangunsicherheit, Gleichgewichtsst\u00f6rungen und eine Hemiparese den Alltag deutlich erschweren. Auch scheinbar einfache T\u00e4tigkeiten wie das Entsorgen von M\u00fcll oder das Recyceln von Papier, Karton und Aludosen k\u00f6nnen zu einer k\u00f6rperlichen Herausforderung werden.","og_url":"https:\/\/www.vitalibera.org\/community\/2026\/07\/09\/muellentsorgung-und-recycling-trotz-einschraenkungen-nach-einer-hirnverletzung\/","og_site_name":"vitalibera.org","article_publisher":"https:\/\/www.facebook.com\/groups\/2997085857140235","article_published_time":"2026-07-09T12:56:22+00:00","article_modified_time":"2026-07-23T22:16:49+00:00","og_image":[{"width":374,"height":354,"url":"https:\/\/www.vitalibera.org\/community\/wp-content\/uploads\/2026\/07\/muell44450.png","type":"image\/png"}],"author":"Andreas Jecklin","twitter_card":"summary_large_image","twitter_misc":{"Verfasst von":"Andreas Jecklin","Gesch\u00e4tzte Lesezeit":"3\u00a0Minuten"},"schema":{"@context":"https:\/\/schema.org","@graph":[{"@type":"Article","@id":"https:\/\/www.vitalibera.org\/community\/2026\/07\/09\/muellentsorgung-und-recycling-trotz-einschraenkungen-nach-einer-hirnverletzung\/#article","isPartOf":{"@id":"https:\/\/www.vitalibera.org\/community\/2026\/07\/09\/muellentsorgung-und-recycling-trotz-einschraenkungen-nach-einer-hirnverletzung\/"},"author":{"name":"Andreas Jecklin","@id":"https:\/\/www.vitalibera.org\/community\/#\/schema\/person\/6712387298421f222ff6d0a2e22c1534"},"headline":"M\u00fcllentsorgung und Recycling trotz Einschr\u00e4nkungen nach einer Hirnverletzung","datePublished":"2026-07-09T12:56:22+00:00","dateModified":"2026-07-23T22:16:49+00:00","mainEntityOfPage":{"@id":"https:\/\/www.vitalibera.org\/community\/2026\/07\/09\/muellentsorgung-und-recycling-trotz-einschraenkungen-nach-einer-hirnverletzung\/"},"wordCount":460,"commentCount":0,"publisher":{"@id":"https:\/\/www.vitalibera.org\/community\/#organization"},"image":{"@id":"https:\/\/www.vitalibera.org\/community\/2026\/07\/09\/muellentsorgung-und-recycling-trotz-einschraenkungen-nach-einer-hirnverletzung\/#primaryimage"},"thumbnailUrl":"https:\/\/www.vitalibera.org\/community\/wp-content\/uploads\/2026\/07\/muell44450.png","keywords":["alltag","ambulant","betroffen"],"articleSection":["Haushalt"],"inLanguage":"de","potentialAction":[{"@type":"CommentAction","name":"Comment","target":["https:\/\/www.vitalibera.org\/community\/2026\/07\/09\/muellentsorgung-und-recycling-trotz-einschraenkungen-nach-einer-hirnverletzung\/#respond"]}]},{"@type":"WebPage","@id":"https:\/\/www.vitalibera.org\/community\/2026\/07\/09\/muellentsorgung-und-recycling-trotz-einschraenkungen-nach-einer-hirnverletzung\/","url":"https:\/\/www.vitalibera.org\/community\/2026\/07\/09\/muellentsorgung-und-recycling-trotz-einschraenkungen-nach-einer-hirnverletzung\/","name":"M\u00fcllentsorgung und Recycling trotz Einschr\u00e4nkungen nach einer Hirnverletzung - vitalibera.org","isPartOf":{"@id":"https:\/\/www.vitalibera.org\/community\/#website"},"primaryImageOfPage":{"@id":"https:\/\/www.vitalibera.org\/community\/2026\/07\/09\/muellentsorgung-und-recycling-trotz-einschraenkungen-nach-einer-hirnverletzung\/#primaryimage"},"image":{"@id":"https:\/\/www.vitalibera.org\/community\/2026\/07\/09\/muellentsorgung-und-recycling-trotz-einschraenkungen-nach-einer-hirnverletzung\/#primaryimage"},"thumbnailUrl":"https:\/\/www.vitalibera.org\/community\/wp-content\/uploads\/2026\/07\/muell44450.png","datePublished":"2026-07-09T12:56:22+00:00","dateModified":"2026-07-23T22:16:49+00:00","breadcrumb":{"@id":"https:\/\/www.vitalibera.org\/community\/2026\/07\/09\/muellentsorgung-und-recycling-trotz-einschraenkungen-nach-einer-hirnverletzung\/#breadcrumb"},"inLanguage":"de","potentialAction":[{"@type":"ReadAction","target":["https:\/\/www.vitalibera.org\/community\/2026\/07\/09\/muellentsorgung-und-recycling-trotz-einschraenkungen-nach-einer-hirnverletzung\/"]}]},{"@type":"BreadcrumbList","@id":"https:\/\/www.vitalibera.org\/community\/2026\/07\/09\/muellentsorgung-und-recycling-trotz-einschraenkungen-nach-einer-hirnverletzung\/#breadcrumb","itemListElement":[{"@type":"ListItem","position":1,"name":"Startseite","item":"https:\/\/www.vitalibera.org\/community\/"},{"@type":"ListItem","position":2,"name":"M\u00fcllentsorgung und Recycling trotz Einschr\u00e4nkungen nach einer Hirnverletzung"}]},{"@type":"WebSite","@id":"https:\/\/www.vitalibera.org\/community\/#website","url":"https:\/\/www.vitalibera.org\/community\/","name":"vitalibera.org","description":"Mit einer Einschr&auml;nkung gestaltet sich das Leben im Alltag oft schwieriger - hier berichten wir &uuml;ber unsere Erfahrungen und Hilfsmittel um den Alltag so unbeschwert und unkompliziert wie nur m&ouml;glich geniessen zu k&ouml;nnen. Dabei richten wir unseren Fokus gezielt auf Selbst&auml;ndigkeit, Eigenst&auml;ndigkeit und Selbstbestimmung.","publisher":{"@id":"https:\/\/www.vitalibera.org\/community\/#organization"},"potentialAction":[{"@type":"SearchAction","target":{"@type":"EntryPoint","urlTemplate":"https:\/\/www.vitalibera.org\/community\/?s={search_term_string}"},"query-input":{"@type":"PropertyValueSpecification","valueRequired":true,"valueName":"search_term_string"}}],"inLanguage":"de"},{"@type":"Organization","@id":"https:\/\/www.vitalibera.org\/community\/#organization","name":"vitalibera.org","url":"https:\/\/www.vitalibera.org\/community\/","logo":{"@type":"ImageObject","inLanguage":"de","@id":"https:\/\/www.vitalibera.org\/community\/#\/schema\/logo\/image\/","url":"https:\/\/www.vitalibera.org\/community\/wp-content\/uploads\/2025\/09\/cropped-banner.png","contentUrl":"https:\/\/www.vitalibera.org\/community\/wp-content\/uploads\/2025\/09\/cropped-banner.png","width":991,"height":150,"caption":"vitalibera.org"},"image":{"@id":"https:\/\/www.vitalibera.org\/community\/#\/schema\/logo\/image\/"},"sameAs":["https:\/\/www.facebook.com\/groups\/2997085857140235"]},{"@type":"Person","@id":"https:\/\/www.vitalibera.org\/community\/#\/schema\/person\/6712387298421f222ff6d0a2e22c1534","name":"Andreas Jecklin","image":{"@type":"ImageObject","inLanguage":"de","@id":"https:\/\/secure.gravatar.com\/avatar\/ad516503a11cd5ca435acc9bb6523536?s=96","url":"https:\/\/secure.gravatar.com\/avatar\/ad516503a11cd5ca435acc9bb6523536?s=96","contentUrl":"https:\/\/secure.gravatar.com\/avatar\/ad516503a11cd5ca435acc9bb6523536?s=96","caption":"Andreas Jecklin"},"description":"Manchen gab Gott die Kraft Dinge zu ver\u00e4ndern, mir gab er die Kraft zu ertragen was nicht mehr zu \u00e4ndern ist.","url":"https:\/\/www.vitalibera.org\/community\/author\/andy77\/"}]}},"jetpack_publicize_connections":[],"jetpack_sharing_enabled":true,"jetpack-related-posts":[{"id":8499,"url":"https:\/\/www.vitalibera.org\/community\/2026\/07\/06\/smarte-beleuchtung-fuer-mehr-selbststaendigkeit-im-alltag-nach-hirnverletzung\/","url_meta":{"origin":8526,"position":0},"title":"Smarte Beleuchtung f\u00fcr mehr Selbstst\u00e4ndigkeit im Alltag nach Hirnverletzung","author":"Andreas Jecklin","date":"6 Juli, 2026","format":false,"excerpt":"Eine intelligent geplante Smarthome-Beleuchtung unterst\u00fctzt dich dabei, Wege sicherer zu gestalten, unn\u00f6tige Anstrengungen zu vermeiden und allt\u00e4gliche Aufgaben selbstst\u00e4ndiger zu bew\u00e4ltigen. Automatisch gesteuertes Licht, Bewegungsmelder und Sprachbefehle sorgen daf\u00fcr, dass Beleuchtung genau dann verf\u00fcgbar ist, wenn du sie brauchst \u2013 m\u00fchelos, komfortabel und ohne zus\u00e4tzliche Belastung.","rel":"","context":"In &quot;Haushalt&quot;","block_context":{"text":"Haushalt","link":"https:\/\/www.vitalibera.org\/community\/category\/beitraege\/eingeschraenkt-im-alltag\/alltag\/haushalt\/"},"img":{"alt_text":"","src":"https:\/\/i0.wp.com\/www.vitalibera.org\/community\/wp-content\/uploads\/2026\/07\/smartled24117.png?resize=350%2C200&ssl=1","width":350,"height":200},"classes":[]},{"id":8609,"url":"https:\/\/www.vitalibera.org\/community\/2026\/07\/16\/trotz-hirnverletzung-nach-vorne-schauen\/","url_meta":{"origin":8526,"position":1},"title":"Trotz Hirnverletzung nach vorne schauen","author":"Andreas Jecklin","date":"16 Juli, 2026","format":false,"excerpt":"Trauer, Frust und schwierige Tage geh\u00f6ren dazu. Dennoch ist es wichtig, nicht in Selbstmitleid zu verharren oder den Kopf in den Sand zu stecken. Die Energie, die in Resignation flie\u00dft, fehlt f\u00fcr Fortschritte, neue Erfahrungen und die Dinge, die weiterhin m\u00f6glich sind","rel":"","context":"In &quot;Eingeschr\u00e4nkt im Alltag&quot;","block_context":{"text":"Eingeschr\u00e4nkt im Alltag","link":"https:\/\/www.vitalibera.org\/community\/category\/beitraege\/eingeschraenkt-im-alltag\/"},"img":{"alt_text":"","src":"https:\/\/i0.wp.com\/www.vitalibera.org\/community\/wp-content\/uploads\/2026\/07\/fightthepower.png?resize=350%2C200&ssl=1","width":350,"height":200},"classes":[]},{"id":8190,"url":"https:\/\/www.vitalibera.org\/community\/2026\/06\/22\/wohnumfeldabklaerung-nach-hirnverletzung\/","url_meta":{"origin":8526,"position":2},"title":"Wohnumfeldabkl\u00e4rung nach Hirnverletzung","author":"Andreas Jecklin","date":"22 Juni, 2026","format":false,"excerpt":"Nach einer Hirnverletzung kommt es h\u00e4ufig zu funktionellen Einschr\u00e4nkungen wie Hemiparese, reduzierter Mobilit\u00e4t und Gangunsicherheit. Diese Faktoren erh\u00f6hen das Risiko f\u00fcr St\u00fcrze und erschweren die selbstst\u00e4ndige Bew\u00e4ltigung allt\u00e4glicher Aktivit\u00e4ten. Da ein grosser Teil der St\u00fcrze im h\u00e4uslichen Umfeld auftritt, ist eine gezielte Wohnumfeldabkl\u00e4rung ein zentraler Bestandteil der Rehabilitation und Nachsorge.\u2026","rel":"","context":"In &quot;Sicherheit&quot;","block_context":{"text":"Sicherheit","link":"https:\/\/www.vitalibera.org\/community\/category\/beitraege\/eingeschraenkt-im-alltag\/alltag\/sicherheit\/"},"img":{"alt_text":"","src":"https:\/\/i0.wp.com\/www.vitalibera.org\/community\/wp-content\/uploads\/2026\/06\/save950.png?resize=350%2C200&ssl=1","width":350,"height":200},"classes":[]},{"id":8890,"url":"https:\/\/www.vitalibera.org\/community\/2026\/07\/31\/bilder-aufhaengen-nach-hirnverletzung-einhaendig-dekorieren-trotz-hemiparese-gangunsicherheit\/","url_meta":{"origin":8526,"position":3},"title":"Bilder aufh\u00e4ngen nach Hirnverletzung \u2013 einh\u00e4ndig dekorieren trotz Hemiparese &amp; Gangunsicherheit","author":"Andreas Jecklin","date":"31 Juli, 2026","format":false,"excerpt":"Nach einer Hirnverletzung ver\u00e4ndert sich der Alltag \u2013 selbst einfache Dinge wie Bilder aufh\u00e4ngen oder das eigene Zuhause dekorieren werden zu neuen, ungewohnten Aufgaben. Mit Hemiparese, eingeschr\u00e4nkter Greifkraft und Gangunsicherheit wirken diese T\u00e4tigkeiten oft riskant oder kompliziert. Doch genau hier liegt eine gro\u00dfe Chance: Mit einh\u00e4ndigen Techniken, klaren Sicherheitsstrategien und\u2026","rel":"","context":"In &quot;Haushalt&quot;","block_context":{"text":"Haushalt","link":"https:\/\/www.vitalibera.org\/community\/category\/beitraege\/eingeschraenkt-im-alltag\/alltag\/haushalt\/"},"img":{"alt_text":"","src":"https:\/\/i0.wp.com\/www.vitalibera.org\/community\/wp-content\/uploads\/2026\/07\/hammer162416.png?resize=350%2C200&ssl=1","width":350,"height":200},"classes":[]},{"id":9174,"url":"https:\/\/www.vitalibera.org\/community\/2026\/08\/18\/digitale-helfer-die-den-alltag-nach-einer-hirnverletzung-wirklich-erleichtern\/","url_meta":{"origin":8526,"position":4},"title":"Digitale Helfer, die den Alltag nach einer Hirnverletzung wirklich erleichtern","author":"Andreas Jecklin","date":"18 August, 2026","format":false,"excerpt":"Nach einer Hirnverletzung k\u00f6nnen selbst einfache Alltagsschritte pl\u00f6tzlich enorme Energie kosten \u2013 besonders bei Hemiparese, Einh\u00e4ndigkeit, Gangunsicherheit oder Fatigue. Digitale Hilfsmittel wie Smart\u2011Home\u2011Steuerung, SmartTags, Tracker oder automatisierte Assistenzsysteme schaffen hier eine stille, aber kraftvolle Unterst\u00fctzung. Sie ersetzen keine F\u00e4higkeiten, sondern entlasten, strukturieren und sichern den Alltag, damit du deine Energie\u2026","rel":"","context":"In &quot;Alltag&quot;","block_context":{"text":"Alltag","link":"https:\/\/www.vitalibera.org\/community\/category\/beitraege\/eingeschraenkt-im-alltag\/alltag\/"},"img":{"alt_text":"","src":"https:\/\/i0.wp.com\/www.vitalibera.org\/community\/wp-content\/uploads\/2026\/08\/smarthome154633.png?resize=350%2C200&ssl=1","width":350,"height":200},"classes":[]},{"id":8438,"url":"https:\/\/www.vitalibera.org\/community\/2026\/07\/03\/angehoerige-als-wichtige-unterstuetzung-im-alltag-nach-einer-hirnverletzung\/","url_meta":{"origin":8526,"position":5},"title":"Angeh\u00f6rige als wichtige Unterst\u00fctzung im Alltag nach einer Hirnverletzung","author":"Andreas Jecklin","date":"3 Juli, 2026","format":false,"excerpt":"Eine Hirnverletzung durch ein Sch\u00e4del-Hirn-Trauma, einen Schlaganfall oder eine Hirnblutung ver\u00e4ndert den Alltag von Betroffenen und ihren Angeh\u00f6rigen oft schlagartig und grundlegend. K\u00f6rperliche Einschr\u00e4nkungen wie Hemiparese und Gangunsicherheit, aber auch Fatigue, Konzentrationsprobleme, verminderte Belastbarkeit und Reiz\u00fcberflutung k\u00f6nnen die Selbstst\u00e4ndigkeit erheblich beeintr\u00e4chtigen. Angeh\u00f6rige spielen deshalb eine wichtige Rolle im Rehabilitationsprozess. Durch\u2026","rel":"","context":"In &quot;Hilfe f\u00fcr Angeh\u00f6rige&quot;","block_context":{"text":"Hilfe f\u00fcr Angeh\u00f6rige","link":"https:\/\/www.vitalibera.org\/community\/category\/hilfe-fuer-angehoerige\/"},"img":{"alt_text":"","src":"https:\/\/i0.wp.com\/www.vitalibera.org\/community\/wp-content\/uploads\/2026\/07\/angeh051.png?resize=350%2C200&ssl=1","width":350,"height":200},"classes":[]}],"jetpack_featured_media_url":"https:\/\/www.vitalibera.org\/community\/wp-content\/uploads\/2026\/07\/muell44450.png","_links":{"self":[{"href":"https:\/\/www.vitalibera.org\/community\/wp-json\/wp\/v2\/posts\/8526","targetHints":{"allow":["GET"]}}],"collection":[{"href":"https:\/\/www.vitalibera.org\/community\/wp-json\/wp\/v2\/posts"}],"about":[{"href":"https:\/\/www.vitalibera.org\/community\/wp-json\/wp\/v2\/types\/post"}],"author":[{"embeddable":true,"href":"https:\/\/www.vitalibera.org\/community\/wp-json\/wp\/v2\/users\/2"}],"replies":[{"embeddable":true,"href":"https:\/\/www.vitalibera.org\/community\/wp-json\/wp\/v2\/comments?post=8526"}],"version-history":[{"count":2,"href":"https:\/\/www.vitalibera.org\/community\/wp-json\/wp\/v2\/posts\/8526\/revisions"}],"predecessor-version":[{"id":8734,"href":"https:\/\/www.vitalibera.org\/community\/wp-json\/wp\/v2\/posts\/8526\/revisions\/8734"}],"wp:featuredmedia":[{"embeddable":true,"href":"https:\/\/www.vitalibera.org\/community\/wp-json\/wp\/v2\/media\/8528"}],"wp:attachment":[{"href":"https:\/\/www.vitalibera.org\/community\/wp-json\/wp\/v2\/media?parent=8526"}],"wp:term":[{"taxonomy":"category","embeddable":true,"href":"https:\/\/www.vitalibera.org\/community\/wp-json\/wp\/v2\/categories?post=8526"},{"taxonomy":"post_tag","embeddable":true,"href":"https:\/\/www.vitalibera.org\/community\/wp-json\/wp\/v2\/tags?post=8526"}],"curies":[{"name":"wp","href":"https:\/\/api.w.org\/{rel}","templated":true}]}}