{"id":8594,"date":"2026-07-16T10:14:44","date_gmt":"2026-07-16T08:14:44","guid":{"rendered":"https:\/\/www.vitalibera.org\/community\/?p=8594"},"modified":"2026-07-16T10:17:45","modified_gmt":"2026-07-16T08:17:45","slug":"nicht-auf-die-hirnverletzung-reduziert-werden-wege-zu-selbstvertrauen-und-selbstbestimmung-im-alltag","status":"publish","type":"post","link":"https:\/\/www.vitalibera.org\/community\/2026\/07\/16\/nicht-auf-die-hirnverletzung-reduziert-werden-wege-zu-selbstvertrauen-und-selbstbestimmung-im-alltag\/","title":{"rendered":"Nicht auf die Hirnverletzung reduziert werden &#8211; Wege zu Selbstvertrauen und Selbstbestimmung im Alltag"},"content":{"rendered":"\n<div class=\"wp-block-media-text is-stacked-on-mobile is-vertically-aligned-top\"><figure class=\"wp-block-media-text__media\"><img fetchpriority=\"high\" decoding=\"async\" width=\"438\" height=\"361\" src=\"https:\/\/www.vitalibera.org\/community\/wp-content\/uploads\/2026\/07\/selbstbestimmt.png\" alt=\"\" class=\"wp-image-8595 size-full\" srcset=\"https:\/\/www.vitalibera.org\/community\/wp-content\/uploads\/2026\/07\/selbstbestimmt.png 438w, https:\/\/www.vitalibera.org\/community\/wp-content\/uploads\/2026\/07\/selbstbestimmt-300x247.png 300w\" sizes=\"(max-width: 438px) 100vw, 438px\" \/><\/figure><div class=\"wp-block-media-text__content\">\n<p>Eine <a href=\"https:\/\/www.vitalibera.org\/community\/enzyklopaedie\/hirnverletzung\/\" target=\"_self\" title=\"Eine Hirnverletzung (oft als&nbsp;Sch&auml;del-Hirn-Trauma, SHT) ist eine&nbsp;Sch&auml;digung des Gehirns, verursacht durch &auml;u&szlig;ere Gewalteinwirkung (Unfall, Sturz) oder innere Faktoren (Schlaganfall, Tumor). Sie f&uuml;hrt zu k&ouml;rperlichen, kognitiven und verhaltensbezogenen Einschr&auml;nkungen, die oft unsichtbar bleiben. Symptome reichen von Kopfschmerzen bis zu schweren Behinderungen. Wichtige Aspekte der Hirnverletzung: Ursachen:&nbsp;H&auml;ufig durch Schlaganf&auml;lle, Hirnblutungen, Sauerstoffmangel oder St&uuml;rze\/Verkehrsunf&auml;lle (Sch&auml;del-Hirn-Trauma). Formen (SHT):&nbsp;Unterscheidung in&hellip;\" class=\"encyclopedia\">Hirnverletzung<\/a> kann das Leben tiefgreifend ver&auml;ndern. Viele <a href=\"https:\/\/www.vitalibera.org\/community\/2026\/04\/19\/wenn-reize-laut-werden-und-menschen-leise\/\"><font color=\"blue\"><img src=\"https:\/\/www.vitalibera.org\/community\/wp-content\/images\/link.png\" width=\"20\" height=\"20\"><u>Betroffene<\/u><\/font><\/a> erleben nicht nur k&ouml;rperliche, kognitive oder emotionale Herausforderungen, sondern auch die Erfahrung, von anderen vor allem &uuml;ber ihre Einschr&auml;nkungen wahrgenommen zu werden. Dabei besteht die Gefahr, dass die Diagnose nach und nach die gesamte Identit&auml;t zu bestimmen scheint.<\/p>\n\n\n\n<p>F&uuml;r eine gelingende <a href=\"https:\/\/www.vitalibera.org\/community\/2026\/07\/14\/orientierungslosigkeit-in-der-akutphase-nach-einer-hirnverletzung\/\"><font color=\"blue\"><img src=\"https:\/\/www.vitalibera.org\/community\/wp-content\/images\/link.png\" width=\"20\" height=\"20\"><u>Rehabilitation<\/u><\/font><\/a> ist es deshalb wichtig, sich nicht auf die <a href=\"https:\/\/www.vitalibera.org\/community\/enzyklopaedie\/hirnverletzung\/\" target=\"_self\" title=\"Eine Hirnverletzung (oft als&nbsp;Sch&auml;del-Hirn-Trauma, SHT) ist eine&nbsp;Sch&auml;digung des Gehirns, verursacht durch &auml;u&szlig;ere Gewalteinwirkung (Unfall, Sturz) oder innere Faktoren (Schlaganfall, Tumor). Sie f&uuml;hrt zu k&ouml;rperlichen, kognitiven und verhaltensbezogenen Einschr&auml;nkungen, die oft unsichtbar bleiben. Symptome reichen von Kopfschmerzen bis zu schweren Behinderungen. Wichtige Aspekte der Hirnverletzung: Ursachen:&nbsp;H&auml;ufig durch Schlaganf&auml;lle, Hirnblutungen, Sauerstoffmangel oder St&uuml;rze\/Verkehrsunf&auml;lle (Sch&auml;del-Hirn-Trauma). Formen (SHT):&nbsp;Unterscheidung in&hellip;\" class=\"encyclopedia\">Hirnverletzung<\/a> reduzieren zu lassen. Selbstvertrauen und Selbstbestimmung entstehen, wenn Menschen ihre St&auml;rken wahrnehmen, eigene Entscheidungen treffen und weiterhin als die Person gesehen werden, die sie sind &ndash; mit ihren F&auml;higkeiten, Interessen, Beziehungen und Lebenszielen. Die <a href=\"https:\/\/www.vitalibera.org\/community\/enzyklopaedie\/hirnverletzung\/\" target=\"_self\" title=\"Eine Hirnverletzung (oft als&nbsp;Sch&auml;del-Hirn-Trauma, SHT) ist eine&nbsp;Sch&auml;digung des Gehirns, verursacht durch &auml;u&szlig;ere Gewalteinwirkung (Unfall, Sturz) oder innere Faktoren (Schlaganfall, Tumor). Sie f&uuml;hrt zu k&ouml;rperlichen, kognitiven und verhaltensbezogenen Einschr&auml;nkungen, die oft unsichtbar bleiben. Symptome reichen von Kopfschmerzen bis zu schweren Behinderungen. Wichtige Aspekte der Hirnverletzung: Ursachen:&nbsp;H&auml;ufig durch Schlaganf&auml;lle, Hirnblutungen, Sauerstoffmangel oder St&uuml;rze\/Verkehrsunf&auml;lle (Sch&auml;del-Hirn-Trauma). Formen (SHT):&nbsp;Unterscheidung in&hellip;\" class=\"encyclopedia\">Hirnverletzung<\/a> ist ein Teil der Lebensgeschichte, aber sie definiert nicht den Wert eines Menschen.<\/p>\n\n\n\n<p>Dieser Beitrag zeigt Strategien auf, wie Betroffene im <a href=\"https:\/\/www.vitalibera.org\/community\/2026\/04\/30\/lapstacker-transport-gurtsystem-fuer-rollstuehle\/\"><font color=\"blue\"><img src=\"https:\/\/www.vitalibera.org\/community\/wp-content\/images\/link.png\" width=\"20\" height=\"20\"><u>Alltag<\/u><\/font><\/a> ihre Eigenst&auml;ndigkeit st&auml;rken, ihr Selbstvertrauen bewahren und ihre Identit&auml;t &uuml;ber die Erkrankung hinaus aktiv gestalten k&ouml;nnen.<\/p>\n<\/div><\/div>\n\n\n\n<p>Nach einer <a href=\"https:\/\/www.vitalibera.org\/community\/enzyklopaedie\/hirnverletzung\/\" target=\"_self\" title=\"Eine Hirnverletzung (oft als&nbsp;Sch&auml;del-Hirn-Trauma, SHT) ist eine&nbsp;Sch&auml;digung des Gehirns, verursacht durch &auml;u&szlig;ere Gewalteinwirkung (Unfall, Sturz) oder innere Faktoren (Schlaganfall, Tumor). Sie f&uuml;hrt zu k&ouml;rperlichen, kognitiven und verhaltensbezogenen Einschr&auml;nkungen, die oft unsichtbar bleiben. Symptome reichen von Kopfschmerzen bis zu schweren Behinderungen. Wichtige Aspekte der Hirnverletzung: Ursachen:&nbsp;H&auml;ufig durch Schlaganf&auml;lle, Hirnblutungen, Sauerstoffmangel oder St&uuml;rze\/Verkehrsunf&auml;lle (Sch&auml;del-Hirn-Trauma). Formen (SHT):&nbsp;Unterscheidung in&hellip;\" class=\"encyclopedia\">Hirnverletzung<\/a> besteht oft die Gefahr, dass andere Menschen &ndash; und manchmal auch man selbst &ndash; die ganze Person auf die Diagnose reduzieren. Eine wichtige Strategie ist deshalb, die eigene Identit&auml;t bewusst breiter zu halten als die Verletzung.<\/p>\n\n\n\n<h6 class=\"wp-block-heading\"><strong>1. Die Verletzung als Teil der Geschichte sehen, nicht als ganze Identit&auml;t<\/strong><\/h6>\n\n\n\n<p>Hilfreich ist der Gedanke: &bdquo;<em>Ich habe eine <a href=\"https:\/\/www.vitalibera.org\/community\/enzyklopaedie\/hirnverletzung\/\" target=\"_self\" title=\"Eine Hirnverletzung (oft als&nbsp;Sch&auml;del-Hirn-Trauma, SHT) ist eine&nbsp;Sch&auml;digung des Gehirns, verursacht durch &auml;u&szlig;ere Gewalteinwirkung (Unfall, Sturz) oder innere Faktoren (Schlaganfall, Tumor). Sie f&uuml;hrt zu k&ouml;rperlichen, kognitiven und verhaltensbezogenen Einschr&auml;nkungen, die oft unsichtbar bleiben. Symptome reichen von Kopfschmerzen bis zu schweren Behinderungen. Wichtige Aspekte der Hirnverletzung: Ursachen:&nbsp;H&auml;ufig durch Schlaganf&auml;lle, Hirnblutungen, Sauerstoffmangel oder St&uuml;rze\/Verkehrsunf&auml;lle (Sch&auml;del-Hirn-Trauma). Formen (SHT):&nbsp;Unterscheidung in&hellip;\" class=\"encyclopedia\">Hirnverletzung<\/a>, aber ich bin nicht meine <a href=\"https:\/\/www.vitalibera.org\/community\/enzyklopaedie\/hirnverletzung\/\" target=\"_self\" title=\"Eine Hirnverletzung (oft als&nbsp;Sch&auml;del-Hirn-Trauma, SHT) ist eine&nbsp;Sch&auml;digung des Gehirns, verursacht durch &auml;u&szlig;ere Gewalteinwirkung (Unfall, Sturz) oder innere Faktoren (Schlaganfall, Tumor). Sie f&uuml;hrt zu k&ouml;rperlichen, kognitiven und verhaltensbezogenen Einschr&auml;nkungen, die oft unsichtbar bleiben. Symptome reichen von Kopfschmerzen bis zu schweren Behinderungen. Wichtige Aspekte der Hirnverletzung: Ursachen:&nbsp;H&auml;ufig durch Schlaganf&auml;lle, Hirnblutungen, Sauerstoffmangel oder St&uuml;rze\/Verkehrsunf&auml;lle (Sch&auml;del-Hirn-Trauma). Formen (SHT):&nbsp;Unterscheidung in&hellip;\" class=\"encyclopedia\">Hirnverletzung<\/a>.&ldquo;<\/em><\/p>\n\n\n\n<p>Man bleibt weiterhin:<\/p>\n\n\n\n<ul class=\"wp-block-list\">\n<li>Partner, Freund, Elternteil oder Kollege<\/li>\n\n\n\n<li>Mensch mit Interessen und Talenten<\/li>\n\n\n\n<li>Person mit einer eigenen Lebensgeschichte<\/li>\n\n\n\n<li>jemand mit Zielen und Tr&auml;umen<\/li>\n<\/ul>\n\n\n\n<h6 class=\"wp-block-heading\"><strong>2. Auf F&auml;higkeiten statt nur auf Verluste achten<\/strong><\/h6>\n\n\n\n<p>Viele Betroffene vergleichen sich st&auml;ndig mit dem Zustand vor der Erkrankung. Das kann das Selbstvertrauen schw&auml;chen.<\/p>\n\n\n\n<p>Fragen, die hilfreicher sein k&ouml;nnen:<\/p>\n\n\n\n<ul class=\"wp-block-list\">\n<li>Was kann ich heute noch gut?<\/li>\n\n\n\n<li>Welche neuen F&auml;higkeiten habe ich entwickelt?<\/li>\n\n\n\n<li>Was ist mir diese Woche gelungen?<\/li>\n<\/ul>\n\n\n\n<p>Fortschritt verdient Aufmerksamkeit, auch wenn er klein erscheint.<\/p>\n\n\n\n<h6 class=\"wp-block-heading\"><strong>3. Selbstbestimmung aktiv verteidigen<\/strong><\/h6>\n\n\n\n<p>Wo immer m&ouml;glich:<\/p>\n\n\n\n<ul class=\"wp-block-list\">\n<li>eigene Entscheidungen treffen,<\/li>\n\n\n\n<li>eigene Meinungen &auml;u&szlig;ern,<\/li>\n\n\n\n<li>bei Arztgespr&auml;chen mitreden,<\/li>\n\n\n\n<li>den Tagesablauf selbst mitgestalten.<\/li>\n<\/ul>\n\n\n\n<p>Selbstbestimmung entsteht nicht erst, wenn man alles wieder kann, sondern wenn man Einfluss auf das eigene Leben beh&auml;lt.<\/p>\n\n\n\n<h6 class=\"wp-block-heading\"><strong>4. Hilfe annehmen, ohne die Verantwortung abzugeben<\/strong><\/h6>\n\n\n\n<p>Unterst&uuml;tzung ist wichtig. Gleichzeitig darf man sich erlauben zu sagen: <em>&ldquo;Danke f&uuml;r das Angebot. Ich m&ouml;chte es zuerst selbst versuchen.&ldquo;<\/em><\/p>\n\n\n\n<p>Das sch&uuml;tzt das Gef&uuml;hl von Kompetenz und Eigenst&auml;ndigkeit.<\/p>\n\n\n\n<h6 class=\"wp-block-heading\"><strong>5. Die eigene Geschichte selbst erz&auml;hlen<\/strong><\/h6>\n\n\n\n<p>Viele Menschen wissen wenig &uuml;ber die Folgen einer <a href=\"https:\/\/www.vitalibera.org\/community\/enzyklopaedie\/hirnverletzung\/\" target=\"_self\" title=\"Eine Hirnverletzung (oft als&nbsp;Sch&auml;del-Hirn-Trauma, SHT) ist eine&nbsp;Sch&auml;digung des Gehirns, verursacht durch &auml;u&szlig;ere Gewalteinwirkung (Unfall, Sturz) oder innere Faktoren (Schlaganfall, Tumor). Sie f&uuml;hrt zu k&ouml;rperlichen, kognitiven und verhaltensbezogenen Einschr&auml;nkungen, die oft unsichtbar bleiben. Symptome reichen von Kopfschmerzen bis zu schweren Behinderungen. Wichtige Aspekte der Hirnverletzung: Ursachen:&nbsp;H&auml;ufig durch Schlaganf&auml;lle, Hirnblutungen, Sauerstoffmangel oder St&uuml;rze\/Verkehrsunf&auml;lle (Sch&auml;del-Hirn-Trauma). Formen (SHT):&nbsp;Unterscheidung in&hellip;\" class=\"encyclopedia\">Hirnverletzung<\/a>. Eine kurze, selbstbewusste Erkl&auml;rung kann helfen: <em>&bdquo;Ja, ich hatte einen <a href=\"https:\/\/www.vitalibera.org\/community\/enzyklopaedie\/schlaganfall\/\" target=\"_self\" title=\"Ein Schlaganfall, auch Hirnschlag oder Apoplex genannt, ist eine&nbsp;pl&ouml;tzlich auftretende Durchblutungsst&ouml;rung im Gehirn, die dazu f&uuml;hrt, dass Gehirnzellen nicht mehr ausreichend mit Sauerstoff und N&auml;hrstoffen versorgt werden.&nbsp;Dies kann zu bleibenden Sch&auml;den oder sogar zum Absterben von Hirnzellen f&uuml;hren, wenn die Durchblutung nicht schnell wiederhergestellt wird.\" class=\"encyclopedia\">Schlaganfall<\/a>. Manche Dinge brauchen etwas mehr Zeit, aber ich bin aktiv dabei, mein Leben zu gestalten.&ldquo;<\/em><\/p>\n\n\n\n<p>So bestimmt man selbst, wie man wahrgenommen werden m&ouml;chte.<\/p>\n\n\n\n<h6 class=\"wp-block-heading\"><strong>6. Rollen und Interessen pflegen<\/strong><\/h6>\n\n\n\n<p>Wer nur noch Patient ist, verliert oft Teile seiner Identit&auml;t. Deshalb kann es hilfreich sein:<\/p>\n\n\n\n<ul class=\"wp-block-list\">\n<li>Hobbys weiterzuf&uuml;hren oder anzupassen,<\/li>\n\n\n\n<li>soziale Kontakte zu pflegen,<\/li>\n\n\n\n<li>sich ehrenamtlich zu engagieren,<\/li>\n\n\n\n<li>kreative oder sportliche Aktivit&auml;ten auszu&uuml;ben.<\/li>\n<\/ul>\n\n\n\n<h6 class=\"wp-block-heading\"><strong>7. Sich mit Menschen umgeben, die das Ganze sehen<\/strong><\/h6>\n\n\n\n<p>Besonders wertvoll sind Menschen, die nicht nur Defizite <a href=\"https:\/\/www.vitalibera.org\/community\/enzyklopaedie\/bem\/\" target=\"_self\" title=\"Das&nbsp;Betriebliche Eingliederungsmanagement&nbsp;(BEM) ist ein gesetzlich vorgeschriebenes Verfahren (&sect; 167 Abs. 2 SGB IX) in Deutschland. Es verpflichtet Arbeitgeber, Besch&auml;ftigten, die innerhalb eines Jahres l&auml;nger als sechs Wochen ununterbrochen oder wiederholt arbeitsunf&auml;hig sind, Ma&szlig;nahmen anzubieten, um Arbeitsunf&auml;higkeit zu &uuml;berwinden, erneuter vorzubeugen und den Arbeitsplatz zu erhalten.\" class=\"encyclopedia\">bem<\/a>erken, sondern auch:<\/p>\n\n\n\n<ul class=\"wp-block-list\">\n<li>St&auml;rken sehen,<\/li>\n\n\n\n<li>Fortschritte wahrnehmen,<\/li>\n\n\n\n<li>eigene Entscheidungen respektieren.<\/li>\n<\/ul>\n\n\n\n<p>Solche Beziehungen st&auml;rken Selbstvertrauen und Lebensqualit&auml;t.<\/p>\n\n\n\n<h6 class=\"wp-block-heading\"><strong>8. Selbstmitgef&uuml;hl entwickeln<\/strong><\/h6>\n\n\n\n<p>Es gibt gute und schlechte Tage. Ein R&uuml;ckschritt bedeutet nicht, dass man versagt hat.<\/p>\n\n\n\n<p>Statt: &bdquo;<em>Warum kann ich das nicht mehr?&ldquo;<\/em><\/p>\n\n\n\n<p>eher:<em> &bdquo;Ich gebe mein Bestes unter ver&auml;nderten Bedingungen.&ldquo;<\/em><\/p>\n\n\n\n<h6 class=\"wp-block-heading\"><strong>Ein m&ouml;glicher Leitsatz<\/strong> : <em>&bdquo;Meine Hirnverletzung beeinflusst mein Leben, aber sie bestimmt weder meinen Wert noch meine Identit&auml;t. Ich bin mehr als meine Einschr&auml;nkungen und habe das Recht, mein Leben selbst zu gestalten.&ldquo;<\/em><\/h6>\n\n\n\n<div class=\"wp-block-media-text is-stacked-on-mobile is-vertically-aligned-top\" style=\"grid-template-columns:25% auto\"><figure class=\"wp-block-media-text__media\"><img decoding=\"async\" width=\"302\" height=\"277\" src=\"http:\/\/www.vitalibera.org\/community\/wp-content\/uploads\/2026\/03\/tip3.png\" alt=\"\" class=\"wp-image-6087 size-full\" srcset=\"https:\/\/www.vitalibera.org\/community\/wp-content\/uploads\/2026\/03\/tip3.png 302w, https:\/\/www.vitalibera.org\/community\/wp-content\/uploads\/2026\/03\/tip3-300x275.png 300w\" sizes=\"(max-width: 302px) 100vw, 302px\" \/><\/figure><div class=\"wp-block-media-text__content\">\n<p><strong>Du bist mehr als deine <a href=\"https:\/\/www.vitalibera.org\/community\/enzyklopaedie\/hirnverletzung\/\" target=\"_self\" title=\"Eine Hirnverletzung (oft als&nbsp;Sch&auml;del-Hirn-Trauma, SHT) ist eine&nbsp;Sch&auml;digung des Gehirns, verursacht durch &auml;u&szlig;ere Gewalteinwirkung (Unfall, Sturz) oder innere Faktoren (Schlaganfall, Tumor). Sie f&uuml;hrt zu k&ouml;rperlichen, kognitiven und verhaltensbezogenen Einschr&auml;nkungen, die oft unsichtbar bleiben. Symptome reichen von Kopfschmerzen bis zu schweren Behinderungen. Wichtige Aspekte der Hirnverletzung: Ursachen:&nbsp;H&auml;ufig durch Schlaganf&auml;lle, Hirnblutungen, Sauerstoffmangel oder St&uuml;rze\/Verkehrsunf&auml;lle (Sch&auml;del-Hirn-Trauma). Formen (SHT):&nbsp;Unterscheidung in&hellip;\" class=\"encyclopedia\">Hirnverletzung<\/a>.<\/strong> Achte darauf, dass sich Gespr&auml;che nicht nur um Symptome, Therapien oder Einschr&auml;nkungen drehen. Sprich auch &uuml;ber deine Interessen, St&auml;rken, Erfolge und Zukunftspl&auml;ne.<\/p>\n\n\n\n<p>Statt zu denken: &bdquo;<em>Ich bin durch meine <a href=\"https:\/\/www.vitalibera.org\/community\/enzyklopaedie\/hirnverletzung\/\" target=\"_self\" title=\"Eine Hirnverletzung (oft als&nbsp;Sch&auml;del-Hirn-Trauma, SHT) ist eine&nbsp;Sch&auml;digung des Gehirns, verursacht durch &auml;u&szlig;ere Gewalteinwirkung (Unfall, Sturz) oder innere Faktoren (Schlaganfall, Tumor). Sie f&uuml;hrt zu k&ouml;rperlichen, kognitiven und verhaltensbezogenen Einschr&auml;nkungen, die oft unsichtbar bleiben. Symptome reichen von Kopfschmerzen bis zu schweren Behinderungen. Wichtige Aspekte der Hirnverletzung: Ursachen:&nbsp;H&auml;ufig durch Schlaganf&auml;lle, Hirnblutungen, Sauerstoffmangel oder St&uuml;rze\/Verkehrsunf&auml;lle (Sch&auml;del-Hirn-Trauma). Formen (SHT):&nbsp;Unterscheidung in&hellip;\" class=\"encyclopedia\">Hirnverletzung<\/a> definiert.&rdquo;<\/em><\/p>\n\n\n\n<p>kannst du dir sagen: <em>&bdquo;Meine <a href=\"https:\/\/www.vitalibera.org\/community\/enzyklopaedie\/hirnverletzung\/\" target=\"_self\" title=\"Eine Hirnverletzung (oft als&nbsp;Sch&auml;del-Hirn-Trauma, SHT) ist eine&nbsp;Sch&auml;digung des Gehirns, verursacht durch &auml;u&szlig;ere Gewalteinwirkung (Unfall, Sturz) oder innere Faktoren (Schlaganfall, Tumor). Sie f&uuml;hrt zu k&ouml;rperlichen, kognitiven und verhaltensbezogenen Einschr&auml;nkungen, die oft unsichtbar bleiben. Symptome reichen von Kopfschmerzen bis zu schweren Behinderungen. Wichtige Aspekte der Hirnverletzung: Ursachen:&nbsp;H&auml;ufig durch Schlaganf&auml;lle, Hirnblutungen, Sauerstoffmangel oder St&uuml;rze\/Verkehrsunf&auml;lle (Sch&auml;del-Hirn-Trauma). Formen (SHT):&nbsp;Unterscheidung in&hellip;\" class=\"encyclopedia\">Hirnverletzung<\/a> ist ein Teil meines Lebens, aber sie bestimmt nicht, wer ich bin.&rdquo;<\/em><\/p>\n\n\n\n<p>Jedes Mal, wenn du eine eigene Entscheidung triffst, ein Ziel verfolgst oder etwas tust, das dir Freude bereitet, st&auml;rkst du dein Selbstvertrauen und deine Selbstbestimmung.<\/p>\n<\/div><\/div>\n","protected":false},"excerpt":{"rendered":"<p>Eine Hirnverletzung kann das Leben tiefgreifend ver\u00e4ndern. Viele Betroffene erleben nicht nur k\u00f6rperliche, kognitive oder emotionale Herausforderungen, sondern auch die Erfahrung, von anderen vor allem \u00fcber ihre Einschr\u00e4nkungen wahrgenommen zu werden. Dabei besteht die Gefahr, dass die Diagnose nach und nach die gesamte Identit\u00e4t zu bestimmen scheint. F\u00fcr eine gelingende Rehabilitation ist es deshalb wichtig, &#8230; <a title=\"Nicht auf die Hirnverletzung reduziert werden &#8211; Wege zu Selbstvertrauen und Selbstbestimmung im Alltag\" class=\"read-more\" href=\"https:\/\/www.vitalibera.org\/community\/2026\/07\/16\/nicht-auf-die-hirnverletzung-reduziert-werden-wege-zu-selbstvertrauen-und-selbstbestimmung-im-alltag\/\" aria-label=\"Mehr Informationen \u00fcber Nicht auf die Hirnverletzung reduziert werden &#8211; Wege zu Selbstvertrauen und Selbstbestimmung im Alltag\">Weiterlesen<\/a><\/p>\n","protected":false},"author":2,"featured_media":8595,"comment_status":"closed","ping_status":"open","sticky":false,"template":"","format":"standard","meta":{"cybocfi_hide_featured_image":"yes","_jetpack_newsletter_access":"","_jetpack_dont_email_post_to_subs":false,"_jetpack_newsletter_tier_id":0,"_jetpack_memberships_contains_paywalled_content":false,"_jetpack_feature_clip_id":0,"_jetpack_memberships_contains_paid_content":false,"footnotes":"","jetpack_publicize_message":"","jetpack_publicize_feature_enabled":true,"jetpack_social_post_already_shared":false,"jetpack_social_options":{"image_generator_settings":{"template":"highway","default_image_id":0,"font":"","enabled":false},"version":2},"jetpack_post_was_ever_published":false},"categories":[42],"tags":[495,532,510,528],"class_list":["post-8594","post","type-post","status-publish","format-standard","has-post-thumbnail","hentry","category-alltag","tag-alltag","tag-ambulant","tag-betroffen","tag-psyche"],"yoast_head":"<!-- This site is optimized with the Yoast SEO plugin v28.2 - https:\/\/yoast.com\/product\/yoast-seo-wordpress\/ -->\r\n<title>Nicht auf die Hirnverletzung reduziert werden - Wege zu Selbstvertrauen und Selbstbestimmung im Alltag - vitalibera.org<\/title>\r\n<meta name=\"robots\" content=\"index, follow, max-snippet:-1, max-image-preview:large, max-video-preview:-1\" \/>\r\n<link rel=\"canonical\" href=\"http:\/\/www.vitalibera.org\/community\/2026\/07\/16\/nicht-auf-die-hirnverletzung-reduziert-werden-wege-zu-selbstvertrauen-und-selbstbestimmung-im-alltag\/\" \/>\r\n<meta property=\"og:locale\" content=\"de_DE\" \/>\r\n<meta property=\"og:type\" content=\"article\" \/>\r\n<meta property=\"og:title\" content=\"Nicht auf die Hirnverletzung reduziert werden - Wege zu Selbstvertrauen und Selbstbestimmung im Alltag - vitalibera.org\" \/>\r\n<meta property=\"og:description\" content=\"Eine Hirnverletzung kann das Leben tiefgreifend ver\u00e4ndern. Viele Betroffene erleben nicht nur k\u00f6rperliche, kognitive oder emotionale Herausforderungen, sondern auch die Erfahrung, von anderen vor allem \u00fcber ihre Einschr\u00e4nkungen wahrgenommen zu werden. Dabei besteht die Gefahr, dass die Diagnose nach und nach die gesamte Identit\u00e4t zu bestimmen scheint. F\u00fcr eine gelingende Rehabilitation ist es deshalb wichtig, ... Weiterlesen\" \/>\r\n<meta property=\"og:url\" content=\"http:\/\/www.vitalibera.org\/community\/2026\/07\/16\/nicht-auf-die-hirnverletzung-reduziert-werden-wege-zu-selbstvertrauen-und-selbstbestimmung-im-alltag\/\" \/>\r\n<meta property=\"og:site_name\" content=\"vitalibera.org\" \/>\r\n<meta property=\"article:publisher\" content=\"https:\/\/www.facebook.com\/groups\/2997085857140235\" \/>\r\n<meta property=\"article:published_time\" content=\"2026-07-16T08:14:44+00:00\" \/>\r\n<meta property=\"article:modified_time\" content=\"2026-07-16T08:17:45+00:00\" \/>\r\n<meta property=\"og:image\" content=\"http:\/\/www.vitalibera.org\/community\/wp-content\/uploads\/2026\/07\/selbstbestimmt.png\" \/>\r\n\t<meta property=\"og:image:width\" content=\"438\" \/>\r\n\t<meta property=\"og:image:height\" content=\"361\" \/>\r\n\t<meta property=\"og:image:type\" content=\"image\/png\" \/>\r\n<meta name=\"author\" content=\"Andreas Jecklin\" \/>\r\n<meta name=\"twitter:card\" content=\"summary_large_image\" \/>\r\n<meta name=\"twitter:label1\" content=\"Verfasst von\" \/>\n\t<meta name=\"twitter:data1\" content=\"Andreas Jecklin\" \/>\n\t<meta name=\"twitter:label2\" content=\"Gesch\u00e4tzte Lesezeit\" \/>\n\t<meta name=\"twitter:data2\" content=\"5\u00a0Minuten\" \/>\r\n<script type=\"application\/ld+json\" class=\"yoast-schema-graph\">{\"@context\":\"https:\\\/\\\/schema.org\",\"@graph\":[{\"@type\":\"Article\",\"@id\":\"http:\\\/\\\/www.vitalibera.org\\\/community\\\/2026\\\/07\\\/16\\\/nicht-auf-die-hirnverletzung-reduziert-werden-wege-zu-selbstvertrauen-und-selbstbestimmung-im-alltag\\\/#article\",\"isPartOf\":{\"@id\":\"http:\\\/\\\/www.vitalibera.org\\\/community\\\/2026\\\/07\\\/16\\\/nicht-auf-die-hirnverletzung-reduziert-werden-wege-zu-selbstvertrauen-und-selbstbestimmung-im-alltag\\\/\"},\"author\":{\"name\":\"Andreas Jecklin\",\"@id\":\"https:\\\/\\\/www.vitalibera.org\\\/community\\\/#\\\/schema\\\/person\\\/6712387298421f222ff6d0a2e22c1534\"},\"headline\":\"Nicht auf die Hirnverletzung reduziert werden &#8211; Wege zu Selbstvertrauen und Selbstbestimmung im Alltag\",\"datePublished\":\"2026-07-16T08:14:44+00:00\",\"dateModified\":\"2026-07-16T08:17:45+00:00\",\"mainEntityOfPage\":{\"@id\":\"http:\\\/\\\/www.vitalibera.org\\\/community\\\/2026\\\/07\\\/16\\\/nicht-auf-die-hirnverletzung-reduziert-werden-wege-zu-selbstvertrauen-und-selbstbestimmung-im-alltag\\\/\"},\"wordCount\":666,\"publisher\":{\"@id\":\"https:\\\/\\\/www.vitalibera.org\\\/community\\\/#organization\"},\"image\":{\"@id\":\"http:\\\/\\\/www.vitalibera.org\\\/community\\\/2026\\\/07\\\/16\\\/nicht-auf-die-hirnverletzung-reduziert-werden-wege-zu-selbstvertrauen-und-selbstbestimmung-im-alltag\\\/#primaryimage\"},\"thumbnailUrl\":\"https:\\\/\\\/www.vitalibera.org\\\/community\\\/wp-content\\\/uploads\\\/2026\\\/07\\\/selbstbestimmt.png\",\"keywords\":[\"alltag\",\"ambulant\",\"betroffen\",\"psyche\"],\"articleSection\":[\"Alltag\"],\"inLanguage\":\"de\"},{\"@type\":\"WebPage\",\"@id\":\"http:\\\/\\\/www.vitalibera.org\\\/community\\\/2026\\\/07\\\/16\\\/nicht-auf-die-hirnverletzung-reduziert-werden-wege-zu-selbstvertrauen-und-selbstbestimmung-im-alltag\\\/\",\"url\":\"http:\\\/\\\/www.vitalibera.org\\\/community\\\/2026\\\/07\\\/16\\\/nicht-auf-die-hirnverletzung-reduziert-werden-wege-zu-selbstvertrauen-und-selbstbestimmung-im-alltag\\\/\",\"name\":\"Nicht auf die Hirnverletzung reduziert werden - Wege zu Selbstvertrauen und Selbstbestimmung im Alltag - vitalibera.org\",\"isPartOf\":{\"@id\":\"https:\\\/\\\/www.vitalibera.org\\\/community\\\/#website\"},\"primaryImageOfPage\":{\"@id\":\"http:\\\/\\\/www.vitalibera.org\\\/community\\\/2026\\\/07\\\/16\\\/nicht-auf-die-hirnverletzung-reduziert-werden-wege-zu-selbstvertrauen-und-selbstbestimmung-im-alltag\\\/#primaryimage\"},\"image\":{\"@id\":\"http:\\\/\\\/www.vitalibera.org\\\/community\\\/2026\\\/07\\\/16\\\/nicht-auf-die-hirnverletzung-reduziert-werden-wege-zu-selbstvertrauen-und-selbstbestimmung-im-alltag\\\/#primaryimage\"},\"thumbnailUrl\":\"https:\\\/\\\/www.vitalibera.org\\\/community\\\/wp-content\\\/uploads\\\/2026\\\/07\\\/selbstbestimmt.png\",\"datePublished\":\"2026-07-16T08:14:44+00:00\",\"dateModified\":\"2026-07-16T08:17:45+00:00\",\"breadcrumb\":{\"@id\":\"http:\\\/\\\/www.vitalibera.org\\\/community\\\/2026\\\/07\\\/16\\\/nicht-auf-die-hirnverletzung-reduziert-werden-wege-zu-selbstvertrauen-und-selbstbestimmung-im-alltag\\\/#breadcrumb\"},\"inLanguage\":\"de\",\"potentialAction\":[{\"@type\":\"ReadAction\",\"target\":[\"http:\\\/\\\/www.vitalibera.org\\\/community\\\/2026\\\/07\\\/16\\\/nicht-auf-die-hirnverletzung-reduziert-werden-wege-zu-selbstvertrauen-und-selbstbestimmung-im-alltag\\\/\"]}]},{\"@type\":\"BreadcrumbList\",\"@id\":\"http:\\\/\\\/www.vitalibera.org\\\/community\\\/2026\\\/07\\\/16\\\/nicht-auf-die-hirnverletzung-reduziert-werden-wege-zu-selbstvertrauen-und-selbstbestimmung-im-alltag\\\/#breadcrumb\",\"itemListElement\":[{\"@type\":\"ListItem\",\"position\":1,\"name\":\"Startseite\",\"item\":\"https:\\\/\\\/www.vitalibera.org\\\/community\\\/\"},{\"@type\":\"ListItem\",\"position\":2,\"name\":\"Nicht auf die Hirnverletzung reduziert werden &#8211; Wege zu Selbstvertrauen und Selbstbestimmung im Alltag\"}]},{\"@type\":\"WebSite\",\"@id\":\"https:\\\/\\\/www.vitalibera.org\\\/community\\\/#website\",\"url\":\"https:\\\/\\\/www.vitalibera.org\\\/community\\\/\",\"name\":\"vitalibera.org\",\"description\":\"Mit einer Einschr&auml;nkung gestaltet sich das Leben im Alltag oft schwieriger - hier berichten wir &uuml;ber unsere Erfahrungen und Hilfsmittel um den Alltag so unbeschwert und unkompliziert wie nur m&ouml;glich geniessen zu k&ouml;nnen. Dabei richten wir unseren Fokus gezielt auf Selbst&auml;ndigkeit, Eigenst&auml;ndigkeit und Selbstbestimmung.\",\"publisher\":{\"@id\":\"https:\\\/\\\/www.vitalibera.org\\\/community\\\/#organization\"},\"potentialAction\":[{\"@type\":\"SearchAction\",\"target\":{\"@type\":\"EntryPoint\",\"urlTemplate\":\"https:\\\/\\\/www.vitalibera.org\\\/community\\\/?s={search_term_string}\"},\"query-input\":{\"@type\":\"PropertyValueSpecification\",\"valueRequired\":true,\"valueName\":\"search_term_string\"}}],\"inLanguage\":\"de\"},{\"@type\":\"Organization\",\"@id\":\"https:\\\/\\\/www.vitalibera.org\\\/community\\\/#organization\",\"name\":\"vitalibera.org\",\"url\":\"https:\\\/\\\/www.vitalibera.org\\\/community\\\/\",\"logo\":{\"@type\":\"ImageObject\",\"inLanguage\":\"de\",\"@id\":\"https:\\\/\\\/www.vitalibera.org\\\/community\\\/#\\\/schema\\\/logo\\\/image\\\/\",\"url\":\"https:\\\/\\\/www.vitalibera.org\\\/community\\\/wp-content\\\/uploads\\\/2025\\\/09\\\/cropped-banner.png\",\"contentUrl\":\"https:\\\/\\\/www.vitalibera.org\\\/community\\\/wp-content\\\/uploads\\\/2025\\\/09\\\/cropped-banner.png\",\"width\":991,\"height\":150,\"caption\":\"vitalibera.org\"},\"image\":{\"@id\":\"https:\\\/\\\/www.vitalibera.org\\\/community\\\/#\\\/schema\\\/logo\\\/image\\\/\"},\"sameAs\":[\"https:\\\/\\\/www.facebook.com\\\/groups\\\/2997085857140235\"]},{\"@type\":\"Person\",\"@id\":\"https:\\\/\\\/www.vitalibera.org\\\/community\\\/#\\\/schema\\\/person\\\/6712387298421f222ff6d0a2e22c1534\",\"name\":\"Andreas Jecklin\",\"image\":{\"@type\":\"ImageObject\",\"inLanguage\":\"de\",\"@id\":\"https:\\\/\\\/secure.gravatar.com\\\/avatar\\\/ad516503a11cd5ca435acc9bb6523536?s=96\",\"url\":\"https:\\\/\\\/secure.gravatar.com\\\/avatar\\\/ad516503a11cd5ca435acc9bb6523536?s=96\",\"contentUrl\":\"https:\\\/\\\/secure.gravatar.com\\\/avatar\\\/ad516503a11cd5ca435acc9bb6523536?s=96\",\"caption\":\"Andreas Jecklin\"},\"description\":\"Manchen gab Gott die Kraft Dinge zu ver\u00e4ndern, mir gab er die Kraft zu ertragen was nicht mehr zu \u00e4ndern ist.\",\"url\":\"https:\\\/\\\/www.vitalibera.org\\\/community\\\/author\\\/andy77\\\/\"}]}<\/script>\r\n<!-- \/ Yoast SEO plugin. -->","yoast_head_json":{"title":"Nicht auf die Hirnverletzung reduziert werden - Wege zu Selbstvertrauen und Selbstbestimmung im Alltag - vitalibera.org","robots":{"index":"index","follow":"follow","max-snippet":"max-snippet:-1","max-image-preview":"max-image-preview:large","max-video-preview":"max-video-preview:-1"},"canonical":"http:\/\/www.vitalibera.org\/community\/2026\/07\/16\/nicht-auf-die-hirnverletzung-reduziert-werden-wege-zu-selbstvertrauen-und-selbstbestimmung-im-alltag\/","og_locale":"de_DE","og_type":"article","og_title":"Nicht auf die Hirnverletzung reduziert werden - Wege zu Selbstvertrauen und Selbstbestimmung im Alltag - vitalibera.org","og_description":"Eine Hirnverletzung kann das Leben tiefgreifend ver\u00e4ndern. Viele Betroffene erleben nicht nur k\u00f6rperliche, kognitive oder emotionale Herausforderungen, sondern auch die Erfahrung, von anderen vor allem \u00fcber ihre Einschr\u00e4nkungen wahrgenommen zu werden. Dabei besteht die Gefahr, dass die Diagnose nach und nach die gesamte Identit\u00e4t zu bestimmen scheint. F\u00fcr eine gelingende Rehabilitation ist es deshalb wichtig, ... Weiterlesen","og_url":"http:\/\/www.vitalibera.org\/community\/2026\/07\/16\/nicht-auf-die-hirnverletzung-reduziert-werden-wege-zu-selbstvertrauen-und-selbstbestimmung-im-alltag\/","og_site_name":"vitalibera.org","article_publisher":"https:\/\/www.facebook.com\/groups\/2997085857140235","article_published_time":"2026-07-16T08:14:44+00:00","article_modified_time":"2026-07-16T08:17:45+00:00","og_image":[{"width":438,"height":361,"url":"http:\/\/www.vitalibera.org\/community\/wp-content\/uploads\/2026\/07\/selbstbestimmt.png","type":"image\/png"}],"author":"Andreas Jecklin","twitter_card":"summary_large_image","twitter_misc":{"Verfasst von":"Andreas Jecklin","Gesch\u00e4tzte Lesezeit":"5\u00a0Minuten"},"schema":{"@context":"https:\/\/schema.org","@graph":[{"@type":"Article","@id":"http:\/\/www.vitalibera.org\/community\/2026\/07\/16\/nicht-auf-die-hirnverletzung-reduziert-werden-wege-zu-selbstvertrauen-und-selbstbestimmung-im-alltag\/#article","isPartOf":{"@id":"http:\/\/www.vitalibera.org\/community\/2026\/07\/16\/nicht-auf-die-hirnverletzung-reduziert-werden-wege-zu-selbstvertrauen-und-selbstbestimmung-im-alltag\/"},"author":{"name":"Andreas Jecklin","@id":"https:\/\/www.vitalibera.org\/community\/#\/schema\/person\/6712387298421f222ff6d0a2e22c1534"},"headline":"Nicht auf die Hirnverletzung reduziert werden &#8211; Wege zu Selbstvertrauen und Selbstbestimmung im Alltag","datePublished":"2026-07-16T08:14:44+00:00","dateModified":"2026-07-16T08:17:45+00:00","mainEntityOfPage":{"@id":"http:\/\/www.vitalibera.org\/community\/2026\/07\/16\/nicht-auf-die-hirnverletzung-reduziert-werden-wege-zu-selbstvertrauen-und-selbstbestimmung-im-alltag\/"},"wordCount":666,"publisher":{"@id":"https:\/\/www.vitalibera.org\/community\/#organization"},"image":{"@id":"http:\/\/www.vitalibera.org\/community\/2026\/07\/16\/nicht-auf-die-hirnverletzung-reduziert-werden-wege-zu-selbstvertrauen-und-selbstbestimmung-im-alltag\/#primaryimage"},"thumbnailUrl":"https:\/\/www.vitalibera.org\/community\/wp-content\/uploads\/2026\/07\/selbstbestimmt.png","keywords":["alltag","ambulant","betroffen","psyche"],"articleSection":["Alltag"],"inLanguage":"de"},{"@type":"WebPage","@id":"http:\/\/www.vitalibera.org\/community\/2026\/07\/16\/nicht-auf-die-hirnverletzung-reduziert-werden-wege-zu-selbstvertrauen-und-selbstbestimmung-im-alltag\/","url":"http:\/\/www.vitalibera.org\/community\/2026\/07\/16\/nicht-auf-die-hirnverletzung-reduziert-werden-wege-zu-selbstvertrauen-und-selbstbestimmung-im-alltag\/","name":"Nicht auf die Hirnverletzung reduziert werden - Wege zu Selbstvertrauen und Selbstbestimmung im Alltag - vitalibera.org","isPartOf":{"@id":"https:\/\/www.vitalibera.org\/community\/#website"},"primaryImageOfPage":{"@id":"http:\/\/www.vitalibera.org\/community\/2026\/07\/16\/nicht-auf-die-hirnverletzung-reduziert-werden-wege-zu-selbstvertrauen-und-selbstbestimmung-im-alltag\/#primaryimage"},"image":{"@id":"http:\/\/www.vitalibera.org\/community\/2026\/07\/16\/nicht-auf-die-hirnverletzung-reduziert-werden-wege-zu-selbstvertrauen-und-selbstbestimmung-im-alltag\/#primaryimage"},"thumbnailUrl":"https:\/\/www.vitalibera.org\/community\/wp-content\/uploads\/2026\/07\/selbstbestimmt.png","datePublished":"2026-07-16T08:14:44+00:00","dateModified":"2026-07-16T08:17:45+00:00","breadcrumb":{"@id":"http:\/\/www.vitalibera.org\/community\/2026\/07\/16\/nicht-auf-die-hirnverletzung-reduziert-werden-wege-zu-selbstvertrauen-und-selbstbestimmung-im-alltag\/#breadcrumb"},"inLanguage":"de","potentialAction":[{"@type":"ReadAction","target":["http:\/\/www.vitalibera.org\/community\/2026\/07\/16\/nicht-auf-die-hirnverletzung-reduziert-werden-wege-zu-selbstvertrauen-und-selbstbestimmung-im-alltag\/"]}]},{"@type":"BreadcrumbList","@id":"http:\/\/www.vitalibera.org\/community\/2026\/07\/16\/nicht-auf-die-hirnverletzung-reduziert-werden-wege-zu-selbstvertrauen-und-selbstbestimmung-im-alltag\/#breadcrumb","itemListElement":[{"@type":"ListItem","position":1,"name":"Startseite","item":"https:\/\/www.vitalibera.org\/community\/"},{"@type":"ListItem","position":2,"name":"Nicht auf die Hirnverletzung reduziert werden &#8211; Wege zu Selbstvertrauen und Selbstbestimmung im Alltag"}]},{"@type":"WebSite","@id":"https:\/\/www.vitalibera.org\/community\/#website","url":"https:\/\/www.vitalibera.org\/community\/","name":"vitalibera.org","description":"Mit einer Einschr&auml;nkung gestaltet sich das Leben im Alltag oft schwieriger - hier berichten wir &uuml;ber unsere Erfahrungen und Hilfsmittel um den Alltag so unbeschwert und unkompliziert wie nur m&ouml;glich geniessen zu k&ouml;nnen. Dabei richten wir unseren Fokus gezielt auf Selbst&auml;ndigkeit, Eigenst&auml;ndigkeit und Selbstbestimmung.","publisher":{"@id":"https:\/\/www.vitalibera.org\/community\/#organization"},"potentialAction":[{"@type":"SearchAction","target":{"@type":"EntryPoint","urlTemplate":"https:\/\/www.vitalibera.org\/community\/?s={search_term_string}"},"query-input":{"@type":"PropertyValueSpecification","valueRequired":true,"valueName":"search_term_string"}}],"inLanguage":"de"},{"@type":"Organization","@id":"https:\/\/www.vitalibera.org\/community\/#organization","name":"vitalibera.org","url":"https:\/\/www.vitalibera.org\/community\/","logo":{"@type":"ImageObject","inLanguage":"de","@id":"https:\/\/www.vitalibera.org\/community\/#\/schema\/logo\/image\/","url":"https:\/\/www.vitalibera.org\/community\/wp-content\/uploads\/2025\/09\/cropped-banner.png","contentUrl":"https:\/\/www.vitalibera.org\/community\/wp-content\/uploads\/2025\/09\/cropped-banner.png","width":991,"height":150,"caption":"vitalibera.org"},"image":{"@id":"https:\/\/www.vitalibera.org\/community\/#\/schema\/logo\/image\/"},"sameAs":["https:\/\/www.facebook.com\/groups\/2997085857140235"]},{"@type":"Person","@id":"https:\/\/www.vitalibera.org\/community\/#\/schema\/person\/6712387298421f222ff6d0a2e22c1534","name":"Andreas Jecklin","image":{"@type":"ImageObject","inLanguage":"de","@id":"https:\/\/secure.gravatar.com\/avatar\/ad516503a11cd5ca435acc9bb6523536?s=96","url":"https:\/\/secure.gravatar.com\/avatar\/ad516503a11cd5ca435acc9bb6523536?s=96","contentUrl":"https:\/\/secure.gravatar.com\/avatar\/ad516503a11cd5ca435acc9bb6523536?s=96","caption":"Andreas Jecklin"},"description":"Manchen gab Gott die Kraft Dinge zu ver\u00e4ndern, mir gab er die Kraft zu ertragen was nicht mehr zu \u00e4ndern ist.","url":"https:\/\/www.vitalibera.org\/community\/author\/andy77\/"}]}},"jetpack_publicize_connections":[],"jetpack_sharing_enabled":true,"jetpack-related-posts":[{"id":8624,"url":"https:\/\/www.vitalibera.org\/community\/2026\/07\/17\/als-angehoeriger-selbstvertrauen-und-wille-des-betroffenen-nach-hirnverletzung-aktiv-foerdern\/","url_meta":{"origin":8594,"position":0},"title":"Als Angeh\u00f6riger Selbstvertrauen und Wille des Betroffenen nach Hirnverletzung aktiv f\u00f6rdern","author":"Andreas Jecklin","date":"17 Juli, 2026","format":false,"excerpt":"Nach einer Hirnverletzung, einem Schlaganfall, einer Hirnblutung oder einem Sch\u00e4del-Hirn-Trauma stehen Betroffene oft vor gro\u00dfen Herausforderungen. Neben k\u00f6rperlichen Einschr\u00e4nkungen wie Hemiparese, Gangunsicherheit oder Fatigue verlieren viele Menschen auch das Vertrauen in den eigenen K\u00f6rper und ihre F\u00e4higkeiten. Aufgaben, die fr\u00fcher selbstverst\u00e4ndlich waren, erfordern pl\u00f6tzlich Mut, Geduld und gro\u00dfe Anstrengung. Als\u2026","rel":"","context":"In &quot;Hilfe f\u00fcr Angeh\u00f6rige&quot;","block_context":{"text":"Hilfe f\u00fcr Angeh\u00f6rige","link":"https:\/\/www.vitalibera.org\/community\/category\/hilfe-fuer-angehoerige\/"},"img":{"alt_text":"","src":"https:\/\/i0.wp.com\/www.vitalibera.org\/community\/wp-content\/uploads\/2026\/07\/selbstvertrauen60808.png?resize=350%2C200&ssl=1","width":350,"height":200},"classes":[]},{"id":9113,"url":"https:\/\/www.vitalibera.org\/community\/2026\/08\/12\/therapeutischer-nutzen-von-multiplayer-spielen-in-der-rehabilitation-nach-einer-hirnverletzung\/","url_meta":{"origin":8594,"position":1},"title":"Therapeutischer Nutzen von Multiplayer\u2011Spielen in der Rehabilitation nach einer Hirnverletzung","author":"Andreas Jecklin","date":"12 August, 2026","format":false,"excerpt":"Kooperative Multiplayer\u2011Spiele k\u00f6nnen nach einer Hirnverletzung zu einem besonders wirkungsvollen Bestandteil der Rehabilitation werden. Im Koop\u2011Modus entsteht eine einzigartige Mischung aus sozialer N\u00e4he, gemeinsamer Probleml\u00f6sung und spielerischer Motivation, die das Gehirn auf mehreren Ebenen gleichzeitig aktiviert. Anders als kompetitive oder hektische Spiele bieten kooperative Titel eine gesch\u00fctzte, unterst\u00fctzende Umgebung, in\u2026","rel":"","context":"In &quot;Gameing&quot;","block_context":{"text":"Gameing","link":"https:\/\/www.vitalibera.org\/community\/category\/beitraege\/eingeschraenkt-im-alltag\/freizeit-hobbies\/gameing\/"},"img":{"alt_text":"","src":"https:\/\/i0.wp.com\/www.vitalibera.org\/community\/wp-content\/uploads\/2026\/08\/cooop202232.png?resize=350%2C200&ssl=1","width":350,"height":200},"classes":[]},{"id":9106,"url":"https:\/\/www.vitalibera.org\/community\/2026\/08\/12\/gaming-nach-hirnverletzung-mut-zu-neuen-herausforderungen-trotz-hemiparese-und-spastik\/","url_meta":{"origin":8594,"position":2},"title":"Gaming nach Hirnverletzung \u2013 Mut zu neuen Herausforderungen trotz Hemiparese und Spastik","author":"Andreas Jecklin","date":"12 August, 2026","format":false,"excerpt":"Nach einer Hirnverletzung mit Hemiparese, Einh\u00e4ndigkeit oder Spastik kann der Gedanke, wieder komplexe Spiele am PC oder an der Konsole zu spielen, zun\u00e4chst einsch\u00fcchternd sein. Viele Betroffene sp\u00fcren eine Hemmung oder Angst, sich an neuartige, anspruchsvolle Games wie Hitman oder 007: First Light zu wagen \u2013 aus Sorge, \u00fcberfordert zu\u2026","rel":"","context":"In &quot;Gameing&quot;","block_context":{"text":"Gameing","link":"https:\/\/www.vitalibera.org\/community\/category\/beitraege\/eingeschraenkt-im-alltag\/freizeit-hobbies\/gameing\/"},"img":{"alt_text":"","src":"https:\/\/i0.wp.com\/www.vitalibera.org\/community\/wp-content\/uploads\/2026\/08\/hitman4430.png?resize=350%2C200&ssl=1","width":350,"height":200},"classes":[]},{"id":8990,"url":"https:\/\/www.vitalibera.org\/community\/2026\/08\/07\/leben-ohne-das-damoklesschwert-vertrauen-in-den-alltag-nach-einer-hirnverletzung\/","url_meta":{"origin":8594,"position":3},"title":"Leben ohne das Damoklesschwert \u2013 Vertrauen in den Alltag nach einer Hirnverletzung","author":"Andreas Jecklin","date":"7 August, 2026","format":false,"excerpt":"Nach einer Hirnverletzung f\u00fchlt sich der Alltag oft an, als hinge ein unsichtbares Damoklesschwert \u00fcber einem \u2013 die Angst vor R\u00fcckschl\u00e4gen, \u00dcberforderung oder erneutem Kontrollverlust. Dieses Gef\u00fchl ist verst\u00e4ndlich, aber es darf nicht zum st\u00e4ndigen Begleiter werden. Heilung bedeutet auch, dem K\u00f6rper und dem Leben wieder zu vertrauen. Das Gehirn\u2026","rel":"","context":"In &quot;Fachwissen&quot;","block_context":{"text":"Fachwissen","link":"https:\/\/www.vitalibera.org\/community\/category\/beitraege\/fachwissen\/"},"img":{"alt_text":"","src":"https:\/\/i0.wp.com\/www.vitalibera.org\/community\/wp-content\/uploads\/2026\/08\/damokles153352.png?resize=350%2C200&ssl=1","width":350,"height":200},"classes":[]},{"id":8609,"url":"https:\/\/www.vitalibera.org\/community\/2026\/07\/16\/trotz-hirnverletzung-nach-vorne-schauen\/","url_meta":{"origin":8594,"position":4},"title":"Trotz Hirnverletzung nach vorne schauen","author":"Andreas Jecklin","date":"16 Juli, 2026","format":false,"excerpt":"Trauer, Frust und schwierige Tage geh\u00f6ren dazu. Dennoch ist es wichtig, nicht in Selbstmitleid zu verharren oder den Kopf in den Sand zu stecken. Die Energie, die in Resignation flie\u00dft, fehlt f\u00fcr Fortschritte, neue Erfahrungen und die Dinge, die weiterhin m\u00f6glich sind","rel":"","context":"In &quot;Eingeschr\u00e4nkt im Alltag&quot;","block_context":{"text":"Eingeschr\u00e4nkt im Alltag","link":"https:\/\/www.vitalibera.org\/community\/category\/beitraege\/eingeschraenkt-im-alltag\/"},"img":{"alt_text":"","src":"https:\/\/i0.wp.com\/www.vitalibera.org\/community\/wp-content\/uploads\/2026\/07\/fightthepower.png?resize=350%2C200&ssl=1","width":350,"height":200},"classes":[]},{"id":7931,"url":"https:\/\/www.vitalibera.org\/community\/2026\/06\/13\/du-bist-der-koenig-deines-lebens-selbstbestimmt-regieren-nach-der-hirnverletzung\/","url_meta":{"origin":8594,"position":5},"title":"Du bist der K\u00f6nig deines Lebens \u2013 Selbstbestimmt regieren nach der Hirnverletzung","author":"Andreas Jecklin","date":"13 Juni, 2026","format":false,"excerpt":"Nach deiner Hirnverletzung hat sich vieles ver\u00e4ndert \u2013 aber eines ist geblieben und sogar st\u00e4rker geworden: dein Wille, dein Leben selbst zu bestimmen. Du l\u00e4sst dir nicht vorschreiben, wer du bist oder wie du zu leben hast. Du regierst dein Leben wie ein K\u00f6nig sein Reich \u2013 mit W\u00fcrde, mit\u2026","rel":"","context":"In &quot;Alltagsnavigation&quot;","block_context":{"text":"Alltagsnavigation","link":"https:\/\/www.vitalibera.org\/community\/category\/beitraege\/eingeschraenkt-im-alltag\/alltagsnavigation\/"},"img":{"alt_text":"","src":"https:\/\/i0.wp.com\/www.vitalibera.org\/community\/wp-content\/uploads\/2026\/06\/king4.png?resize=350%2C200&ssl=1","width":350,"height":200},"classes":[]}],"jetpack_featured_media_url":"https:\/\/www.vitalibera.org\/community\/wp-content\/uploads\/2026\/07\/selbstbestimmt.png","_links":{"self":[{"href":"https:\/\/www.vitalibera.org\/community\/wp-json\/wp\/v2\/posts\/8594","targetHints":{"allow":["GET"]}}],"collection":[{"href":"https:\/\/www.vitalibera.org\/community\/wp-json\/wp\/v2\/posts"}],"about":[{"href":"https:\/\/www.vitalibera.org\/community\/wp-json\/wp\/v2\/types\/post"}],"author":[{"embeddable":true,"href":"https:\/\/www.vitalibera.org\/community\/wp-json\/wp\/v2\/users\/2"}],"replies":[{"embeddable":true,"href":"https:\/\/www.vitalibera.org\/community\/wp-json\/wp\/v2\/comments?post=8594"}],"version-history":[{"count":1,"href":"https:\/\/www.vitalibera.org\/community\/wp-json\/wp\/v2\/posts\/8594\/revisions"}],"predecessor-version":[{"id":8596,"href":"https:\/\/www.vitalibera.org\/community\/wp-json\/wp\/v2\/posts\/8594\/revisions\/8596"}],"wp:featuredmedia":[{"embeddable":true,"href":"https:\/\/www.vitalibera.org\/community\/wp-json\/wp\/v2\/media\/8595"}],"wp:attachment":[{"href":"https:\/\/www.vitalibera.org\/community\/wp-json\/wp\/v2\/media?parent=8594"}],"wp:term":[{"taxonomy":"category","embeddable":true,"href":"https:\/\/www.vitalibera.org\/community\/wp-json\/wp\/v2\/categories?post=8594"},{"taxonomy":"post_tag","embeddable":true,"href":"https:\/\/www.vitalibera.org\/community\/wp-json\/wp\/v2\/tags?post=8594"}],"curies":[{"name":"wp","href":"https:\/\/api.w.org\/{rel}","templated":true}]}}