{"id":8609,"date":"2026-07-16T18:57:02","date_gmt":"2026-07-16T16:57:02","guid":{"rendered":"https:\/\/www.vitalibera.org\/community\/?p=8609"},"modified":"2026-07-23T15:08:15","modified_gmt":"2026-07-23T13:08:15","slug":"trotz-hirnverletzung-nach-vorne-schauen","status":"publish","type":"post","link":"https:\/\/www.vitalibera.org\/community\/2026\/07\/16\/trotz-hirnverletzung-nach-vorne-schauen\/","title":{"rendered":"Trotz Hirnverletzung nach vorne schauen"},"content":{"rendered":"\n<div class=\"wp-block-media-text is-stacked-on-mobile is-vertically-aligned-top\"><figure class=\"wp-block-media-text__media\"><img fetchpriority=\"high\" decoding=\"async\" width=\"440\" height=\"355\" src=\"https:\/\/www.vitalibera.org\/community\/wp-content\/uploads\/2026\/07\/fightthepower.png\" alt=\"\" class=\"wp-image-8610 size-full\" srcset=\"https:\/\/www.vitalibera.org\/community\/wp-content\/uploads\/2026\/07\/fightthepower.png 440w, https:\/\/www.vitalibera.org\/community\/wp-content\/uploads\/2026\/07\/fightthepower-300x242.png 300w\" sizes=\"(max-width: 440px) 100vw, 440px\" \/><\/figure><div class=\"wp-block-media-text__content\">\n<p>Eine schicksalhafte <a href=\"https:\/\/www.vitalibera.org\/community\/enzyklopaedie\/hirnverletzung\/\" target=\"_self\" title=\"Eine Hirnverletzung (oft als&nbsp;Sch&auml;del-Hirn-Trauma, SHT) ist eine&nbsp;Sch&auml;digung des Gehirns, verursacht durch &auml;u&szlig;ere Gewalteinwirkung (Unfall, Sturz) oder innere Faktoren (Schlaganfall, Tumor). Sie f&uuml;hrt zu k&ouml;rperlichen, kognitiven und verhaltensbezogenen Einschr&auml;nkungen, die oft unsichtbar bleiben. Symptome reichen von Kopfschmerzen bis zu schweren Behinderungen. Wichtige Aspekte der Hirnverletzung: Ursachen:&nbsp;H&auml;ufig durch Schlaganf&auml;lle, Hirnblutungen, Sauerstoffmangel oder St&uuml;rze\/Verkehrsunf&auml;lle (Sch&auml;del-Hirn-Trauma). Formen (SHT):&nbsp;Unterscheidung in&hellip;\" class=\"encyclopedia\">Hirnverletzung<\/a> ver&auml;ndert vieles im Leben. <a href=\"https:\/\/www.vitalibera.org\/community\/enzyklopaedie\/fatigue\/\" target=\"_self\" title=\"Fatigue (anhaltende Ersch&ouml;pfung) ist ein tiefgreifender, k&ouml;rperlicher und geistiger Ersch&ouml;pfungszustand. Im Gegensatz zu normaler M&uuml;digkeit bessert er sich durch Schlaf oder Ruhepausen nicht. Sie tritt h&auml;ufig als Begleitsymptom bei chronischen Erkrankungen (z. B. Gehirnverletzungen, MS oder Long-Covid) auf. Hier finden Sie eine &Uuml;bersicht &uuml;ber den Zustand: Fatigue vs. normale M&uuml;digkeit Normale M&uuml;digkeit: Tritt nach Anstrengung&hellip;\" class=\"encyclopedia\">Fatigue<\/a>, <a href=\"https:\/\/www.vitalibera.org\/community\/enzyklopaedie\/hemiparese\/\" target=\"_self\" title=\"Eine Hemiparese ist eine&nbsp;L&auml;hmung einer K&ouml;rperh&auml;lfte, bei der noch eine Restaktivit&auml;t vorhanden sein kann. Eine Hemiparese entsteht durch Sch&auml;digungen im Gehirn, wie bei einem Schlaganfall oder durch einen Unfall. Es kommt zu einer Verminderung der Kraft in Gesicht, Arm und Bein in einer K&ouml;rperh&auml;lfte.\" class=\"encyclopedia\">Hemiparese<\/a>, Gangunsicherheit oder die Nutzung eines Rollstuhls k&ouml;nnen den <a href=\"https:\/\/www.vitalibera.org\/community\/2026\/04\/30\/lapstacker-transport-gurtsystem-fuer-rollstuehle\/\"><font color=\"blue\"><img src=\"https:\/\/www.vitalibera.org\/community\/wp-content\/images\/link.png\" width=\"20\" height=\"20\"><u>Alltag<\/u><\/font><\/a> erschweren und stellen <a href=\"https:\/\/www.vitalibera.org\/community\/2026\/04\/19\/wenn-reize-laut-werden-und-menschen-leise\/\"><font color=\"blue\"><img src=\"https:\/\/www.vitalibera.org\/community\/wp-content\/images\/link.png\" width=\"20\" height=\"20\"><u>Betroffene<\/u><\/font><\/a> immer wieder vor neue Herausforderungen. <\/p>\n\n\n\n<p>Trauer, Frust und schwierige Tage geh&ouml;ren dazu. Dennoch ist es wichtig, nicht in Selbstmitleid zu verharren oder den Kopf in den Sand zu stecken. Die Energie, die in Resignation flie&szlig;t, fehlt f&uuml;r Fortschritte, neue Erfahrungen und die Dinge, die weiterhin m&ouml;glich sind.<\/p>\n\n\n\n<p>Der Blick nach vorne bedeutet nicht, die eigenen Einschr&auml;nkungen zu ignorieren. Er bedeutet, die Realit&auml;t anzunehmen und das Beste aus der Situation zu machen. <\/p>\n\n\n\n<p>Mit Geduld, Ausdauer und einer positiven Haltung k&ouml;nnen neue Wege gefunden, F&auml;higkeiten gest&auml;rkt und pers&ouml;nliche Ziele erreicht werden. Jeder noch so kleine Fortschritt ist ein Erfolg und ein Zeichen daf&uuml;r, dass Entwicklung auch nach einer <a href=\"https:\/\/www.vitalibera.org\/community\/enzyklopaedie\/hirnverletzung\/\" target=\"_self\" title=\"Eine Hirnverletzung (oft als&nbsp;Sch&auml;del-Hirn-Trauma, SHT) ist eine&nbsp;Sch&auml;digung des Gehirns, verursacht durch &auml;u&szlig;ere Gewalteinwirkung (Unfall, Sturz) oder innere Faktoren (Schlaganfall, Tumor). Sie f&uuml;hrt zu k&ouml;rperlichen, kognitiven und verhaltensbezogenen Einschr&auml;nkungen, die oft unsichtbar bleiben. Symptome reichen von Kopfschmerzen bis zu schweren Behinderungen. Wichtige Aspekte der Hirnverletzung: Ursachen:&nbsp;H&auml;ufig durch Schlaganf&auml;lle, Hirnblutungen, Sauerstoffmangel oder St&uuml;rze\/Verkehrsunf&auml;lle (Sch&auml;del-Hirn-Trauma). Formen (SHT):&nbsp;Unterscheidung in&hellip;\" class=\"encyclopedia\">Hirnverletzung<\/a> m&ouml;glich bleibt.<\/p>\n<\/div><\/div>\n\n\n\n<p>Jeder kleine Schritt nach vorne z&auml;hlt. Wer aktiv bleibt, f&ouml;rdert seine F&auml;higkeiten, st&auml;rkt sein Selbstvertrauen und entdeckt neue M&ouml;glichkeiten. Auch wenn manches nicht mehr so funktioniert wie fr&uuml;her, gibt es vieles, was gelernt, angepasst oder neu gestaltet werden kann.<\/p>\n\n\n\n<h6 class=\"wp-block-heading\"><strong>Warum es sich lohnt, dranzubleiben<\/strong><\/h6>\n\n\n\n<ul class=\"wp-block-list\">\n<li>F&auml;higkeiten k&ouml;nnen durch &Uuml;bung erhalten oder verbessert werden.<\/li>\n\n\n\n<li>Selbstst&auml;ndigkeit w&auml;chst durch Ausprobieren und Lernen.<\/li>\n\n\n\n<li>Erfolge &ndash; auch kleine &ndash; st&auml;rken das Selbstvertrauen.<\/li>\n\n\n\n<li>Aktivit&auml;t f&ouml;rdert Teilhabe, Lebensfreude und Lebensqualit&auml;t.<\/li>\n<\/ul>\n\n\n\n<div class=\"wp-block-media-text is-stacked-on-mobile is-vertically-aligned-top\" style=\"grid-template-columns:32% auto\"><figure class=\"wp-block-media-text__media\"><img decoding=\"async\" width=\"302\" height=\"277\" src=\"http:\/\/www.vitalibera.org\/community\/wp-content\/uploads\/2026\/03\/tip3.png\" alt=\"\" class=\"wp-image-6087 size-full\" srcset=\"https:\/\/www.vitalibera.org\/community\/wp-content\/uploads\/2026\/03\/tip3.png 302w, https:\/\/www.vitalibera.org\/community\/wp-content\/uploads\/2026\/03\/tip3-300x275.png 300w\" sizes=\"(max-width: 302px) 100vw, 302px\" \/><\/figure><div class=\"wp-block-media-text__content\">\n<p><strong>Konzentriere dich nicht auf das, was verloren gegangen ist, sondern auf das, was trotz der <a href=\"https:\/\/www.vitalibera.org\/community\/enzyklopaedie\/hirnverletzung\/\" target=\"_self\" title=\"Eine Hirnverletzung (oft als&nbsp;Sch&auml;del-Hirn-Trauma, SHT) ist eine&nbsp;Sch&auml;digung des Gehirns, verursacht durch &auml;u&szlig;ere Gewalteinwirkung (Unfall, Sturz) oder innere Faktoren (Schlaganfall, Tumor). Sie f&uuml;hrt zu k&ouml;rperlichen, kognitiven und verhaltensbezogenen Einschr&auml;nkungen, die oft unsichtbar bleiben. Symptome reichen von Kopfschmerzen bis zu schweren Behinderungen. Wichtige Aspekte der Hirnverletzung: Ursachen:&nbsp;H&auml;ufig durch Schlaganf&auml;lle, Hirnblutungen, Sauerstoffmangel oder St&uuml;rze\/Verkehrsunf&auml;lle (Sch&auml;del-Hirn-Trauma). Formen (SHT):&nbsp;Unterscheidung in&hellip;\" class=\"encyclopedia\">Hirnverletzung<\/a> m&ouml;glich bleibt.<\/strong><\/p>\n\n\n\n<p>Nicht die Einschr&auml;nkung bestimmt dein Leben, sondern der Umgang mit ihr.<\/p>\n<\/div><\/div>\n\n\n\n<p>Mut bedeutet nicht, keine Schwierigkeiten zu haben. Mut bedeutet, trotz <a href=\"https:\/\/www.vitalibera.org\/community\/enzyklopaedie\/fatigue\/\" target=\"_self\" title=\"Fatigue (anhaltende Ersch&ouml;pfung) ist ein tiefgreifender, k&ouml;rperlicher und geistiger Ersch&ouml;pfungszustand. Im Gegensatz zu normaler M&uuml;digkeit bessert er sich durch Schlaf oder Ruhepausen nicht. Sie tritt h&auml;ufig als Begleitsymptom bei chronischen Erkrankungen (z. B. Gehirnverletzungen, MS oder Long-Covid) auf. Hier finden Sie eine &Uuml;bersicht &uuml;ber den Zustand: Fatigue vs. normale M&uuml;digkeit Normale M&uuml;digkeit: Tritt nach Anstrengung&hellip;\" class=\"encyclopedia\">Fatigue<\/a>, <a href=\"https:\/\/www.vitalibera.org\/community\/enzyklopaedie\/hemiparese\/\" target=\"_self\" title=\"Eine Hemiparese ist eine&nbsp;L&auml;hmung einer K&ouml;rperh&auml;lfte, bei der noch eine Restaktivit&auml;t vorhanden sein kann. Eine Hemiparese entsteht durch Sch&auml;digungen im Gehirn, wie bei einem Schlaganfall oder durch einen Unfall. Es kommt zu einer Verminderung der Kraft in Gesicht, Arm und Bein in einer K&ouml;rperh&auml;lfte.\" class=\"encyclopedia\">Hemiparese<\/a>, Gangunsicherheit oder Rollstuhl jeden Tag aufs Neue weiterzugehen &ndash; Schritt f&uuml;r Schritt. <\/p>\n\n\n\n<p>Der Austausch mit anderen Betroffenen ist wertvoll, weil sie aus eigener Erfahrung verstehen, wie sich <a href=\"https:\/\/www.vitalibera.org\/community\/enzyklopaedie\/fatigue\/\" target=\"_self\" title=\"Fatigue (anhaltende Ersch&ouml;pfung) ist ein tiefgreifender, k&ouml;rperlicher und geistiger Ersch&ouml;pfungszustand. Im Gegensatz zu normaler M&uuml;digkeit bessert er sich durch Schlaf oder Ruhepausen nicht. Sie tritt h&auml;ufig als Begleitsymptom bei chronischen Erkrankungen (z. B. Gehirnverletzungen, MS oder Long-Covid) auf. Hier finden Sie eine &Uuml;bersicht &uuml;ber den Zustand: Fatigue vs. normale M&uuml;digkeit Normale M&uuml;digkeit: Tritt nach Anstrengung&hellip;\" class=\"encyclopedia\">Fatigue<\/a>, <a href=\"https:\/\/www.vitalibera.org\/community\/enzyklopaedie\/hemiparese\/\" target=\"_self\" title=\"Eine Hemiparese ist eine&nbsp;L&auml;hmung einer K&ouml;rperh&auml;lfte, bei der noch eine Restaktivit&auml;t vorhanden sein kann. Eine Hemiparese entsteht durch Sch&auml;digungen im Gehirn, wie bei einem Schlaganfall oder durch einen Unfall. Es kommt zu einer Verminderung der Kraft in Gesicht, Arm und Bein in einer K&ouml;rperh&auml;lfte.\" class=\"encyclopedia\">Hemiparese<\/a>, Gangunsicherheit oder das Leben im Rollstuhl anf&uuml;hlen. Sie kennen viele Herausforderungen des Alltags und k&ouml;nnen Mut machen, praktische Tipps weitergeben und zeigen, dass man mit seinen Schwierigkeiten nicht allein ist.<\/p>\n\n\n\n<p><strong>Menschen, die &Auml;hnliches erlebt haben, verstehen oft nicht nur die Einschr&auml;nkungen &ndash; sondern auch die Erfolge, die hinter jedem kleinen Fortschritt stehen.<\/strong><\/p>\n","protected":false},"excerpt":{"rendered":"<p>Trauer, Frust und schwierige Tage geh\u00f6ren dazu. Dennoch ist es wichtig, nicht in Selbstmitleid zu verharren oder den Kopf in den Sand zu stecken. Die Energie, die in Resignation flie\u00dft, fehlt f\u00fcr Fortschritte, neue Erfahrungen und die Dinge, die weiterhin m\u00f6glich sind<\/p>\n","protected":false},"author":2,"featured_media":8610,"comment_status":"closed","ping_status":"open","sticky":false,"template":"","format":"standard","meta":{"cybocfi_hide_featured_image":"yes","_jetpack_newsletter_access":"","_jetpack_dont_email_post_to_subs":false,"_jetpack_newsletter_tier_id":0,"_jetpack_memberships_contains_paywalled_content":false,"_jetpack_feature_clip_id":0,"_jetpack_memberships_contains_paid_content":false,"footnotes":"","jetpack_publicize_message":"","jetpack_publicize_feature_enabled":true,"jetpack_social_post_already_shared":false,"jetpack_social_options":{"image_generator_settings":{"template":"highway","default_image_id":0,"font":"","enabled":false},"version":2},"jetpack_post_was_ever_published":false},"categories":[25],"tags":[495,532,510,528],"class_list":["post-8609","post","type-post","status-publish","format-standard","has-post-thumbnail","hentry","category-eingeschraenkt-im-alltag","tag-alltag","tag-ambulant","tag-betroffen","tag-psyche"],"yoast_head":"<!-- This site is optimized with the Yoast SEO plugin v28.2 - https:\/\/yoast.com\/product\/yoast-seo-wordpress\/ -->\r\n<title>Trotz Hirnverletzung nach vorne schauen - vitalibera.org<\/title>\r\n<meta name=\"robots\" content=\"index, follow, max-snippet:-1, max-image-preview:large, max-video-preview:-1\" \/>\r\n<link rel=\"canonical\" href=\"https:\/\/www.vitalibera.org\/community\/2026\/07\/16\/trotz-hirnverletzung-nach-vorne-schauen\/\" \/>\r\n<meta property=\"og:locale\" content=\"de_DE\" \/>\r\n<meta property=\"og:type\" content=\"article\" \/>\r\n<meta property=\"og:title\" content=\"Trotz Hirnverletzung nach vorne schauen - vitalibera.org\" \/>\r\n<meta property=\"og:description\" content=\"Trauer, Frust und schwierige Tage geh\u00f6ren dazu. Dennoch ist es wichtig, nicht in Selbstmitleid zu verharren oder den Kopf in den Sand zu stecken. Die Energie, die in Resignation flie\u00dft, fehlt f\u00fcr Fortschritte, neue Erfahrungen und die Dinge, die weiterhin m\u00f6glich sind\" \/>\r\n<meta property=\"og:url\" content=\"https:\/\/www.vitalibera.org\/community\/2026\/07\/16\/trotz-hirnverletzung-nach-vorne-schauen\/\" \/>\r\n<meta property=\"og:site_name\" content=\"vitalibera.org\" \/>\r\n<meta property=\"article:publisher\" content=\"https:\/\/www.facebook.com\/groups\/2997085857140235\" \/>\r\n<meta property=\"article:published_time\" content=\"2026-07-16T16:57:02+00:00\" \/>\r\n<meta property=\"article:modified_time\" content=\"2026-07-23T13:08:15+00:00\" \/>\r\n<meta property=\"og:image\" content=\"https:\/\/www.vitalibera.org\/community\/wp-content\/uploads\/2026\/07\/fightthepower.png\" \/>\r\n\t<meta property=\"og:image:width\" content=\"440\" \/>\r\n\t<meta property=\"og:image:height\" content=\"355\" \/>\r\n\t<meta property=\"og:image:type\" content=\"image\/png\" \/>\r\n<meta name=\"author\" content=\"Andreas Jecklin\" \/>\r\n<meta name=\"twitter:card\" content=\"summary_large_image\" \/>\r\n<meta name=\"twitter:label1\" content=\"Verfasst von\" \/>\n\t<meta name=\"twitter:data1\" content=\"Andreas Jecklin\" \/>\n\t<meta name=\"twitter:label2\" content=\"Gesch\u00e4tzte Lesezeit\" \/>\n\t<meta name=\"twitter:data2\" content=\"3\u00a0Minuten\" \/>\r\n<script type=\"application\/ld+json\" class=\"yoast-schema-graph\">{\"@context\":\"https:\\\/\\\/schema.org\",\"@graph\":[{\"@type\":\"Article\",\"@id\":\"https:\\\/\\\/www.vitalibera.org\\\/community\\\/2026\\\/07\\\/16\\\/trotz-hirnverletzung-nach-vorne-schauen\\\/#article\",\"isPartOf\":{\"@id\":\"https:\\\/\\\/www.vitalibera.org\\\/community\\\/2026\\\/07\\\/16\\\/trotz-hirnverletzung-nach-vorne-schauen\\\/\"},\"author\":{\"name\":\"Andreas Jecklin\",\"@id\":\"https:\\\/\\\/www.vitalibera.org\\\/community\\\/#\\\/schema\\\/person\\\/6712387298421f222ff6d0a2e22c1534\"},\"headline\":\"Trotz Hirnverletzung nach vorne schauen\",\"datePublished\":\"2026-07-16T16:57:02+00:00\",\"dateModified\":\"2026-07-23T13:08:15+00:00\",\"mainEntityOfPage\":{\"@id\":\"https:\\\/\\\/www.vitalibera.org\\\/community\\\/2026\\\/07\\\/16\\\/trotz-hirnverletzung-nach-vorne-schauen\\\/\"},\"wordCount\":360,\"publisher\":{\"@id\":\"https:\\\/\\\/www.vitalibera.org\\\/community\\\/#organization\"},\"image\":{\"@id\":\"https:\\\/\\\/www.vitalibera.org\\\/community\\\/2026\\\/07\\\/16\\\/trotz-hirnverletzung-nach-vorne-schauen\\\/#primaryimage\"},\"thumbnailUrl\":\"https:\\\/\\\/www.vitalibera.org\\\/community\\\/wp-content\\\/uploads\\\/2026\\\/07\\\/fightthepower.png\",\"keywords\":[\"alltag\",\"ambulant\",\"betroffen\",\"psyche\"],\"articleSection\":[\"Eingeschr\u00e4nkt im Alltag\"],\"inLanguage\":\"de\"},{\"@type\":\"WebPage\",\"@id\":\"https:\\\/\\\/www.vitalibera.org\\\/community\\\/2026\\\/07\\\/16\\\/trotz-hirnverletzung-nach-vorne-schauen\\\/\",\"url\":\"https:\\\/\\\/www.vitalibera.org\\\/community\\\/2026\\\/07\\\/16\\\/trotz-hirnverletzung-nach-vorne-schauen\\\/\",\"name\":\"Trotz Hirnverletzung nach vorne schauen - vitalibera.org\",\"isPartOf\":{\"@id\":\"https:\\\/\\\/www.vitalibera.org\\\/community\\\/#website\"},\"primaryImageOfPage\":{\"@id\":\"https:\\\/\\\/www.vitalibera.org\\\/community\\\/2026\\\/07\\\/16\\\/trotz-hirnverletzung-nach-vorne-schauen\\\/#primaryimage\"},\"image\":{\"@id\":\"https:\\\/\\\/www.vitalibera.org\\\/community\\\/2026\\\/07\\\/16\\\/trotz-hirnverletzung-nach-vorne-schauen\\\/#primaryimage\"},\"thumbnailUrl\":\"https:\\\/\\\/www.vitalibera.org\\\/community\\\/wp-content\\\/uploads\\\/2026\\\/07\\\/fightthepower.png\",\"datePublished\":\"2026-07-16T16:57:02+00:00\",\"dateModified\":\"2026-07-23T13:08:15+00:00\",\"breadcrumb\":{\"@id\":\"https:\\\/\\\/www.vitalibera.org\\\/community\\\/2026\\\/07\\\/16\\\/trotz-hirnverletzung-nach-vorne-schauen\\\/#breadcrumb\"},\"inLanguage\":\"de\",\"potentialAction\":[{\"@type\":\"ReadAction\",\"target\":[\"https:\\\/\\\/www.vitalibera.org\\\/community\\\/2026\\\/07\\\/16\\\/trotz-hirnverletzung-nach-vorne-schauen\\\/\"]}]},{\"@type\":\"BreadcrumbList\",\"@id\":\"https:\\\/\\\/www.vitalibera.org\\\/community\\\/2026\\\/07\\\/16\\\/trotz-hirnverletzung-nach-vorne-schauen\\\/#breadcrumb\",\"itemListElement\":[{\"@type\":\"ListItem\",\"position\":1,\"name\":\"Startseite\",\"item\":\"https:\\\/\\\/www.vitalibera.org\\\/community\\\/\"},{\"@type\":\"ListItem\",\"position\":2,\"name\":\"Trotz Hirnverletzung nach vorne schauen\"}]},{\"@type\":\"WebSite\",\"@id\":\"https:\\\/\\\/www.vitalibera.org\\\/community\\\/#website\",\"url\":\"https:\\\/\\\/www.vitalibera.org\\\/community\\\/\",\"name\":\"vitalibera.org\",\"description\":\"Mit einer Einschr&auml;nkung gestaltet sich das Leben im Alltag oft schwieriger - hier berichten wir &uuml;ber unsere Erfahrungen und Hilfsmittel um den Alltag so unbeschwert und unkompliziert wie nur m&ouml;glich geniessen zu k&ouml;nnen. Dabei richten wir unseren Fokus gezielt auf Selbst&auml;ndigkeit, Eigenst&auml;ndigkeit und Selbstbestimmung.\",\"publisher\":{\"@id\":\"https:\\\/\\\/www.vitalibera.org\\\/community\\\/#organization\"},\"potentialAction\":[{\"@type\":\"SearchAction\",\"target\":{\"@type\":\"EntryPoint\",\"urlTemplate\":\"https:\\\/\\\/www.vitalibera.org\\\/community\\\/?s={search_term_string}\"},\"query-input\":{\"@type\":\"PropertyValueSpecification\",\"valueRequired\":true,\"valueName\":\"search_term_string\"}}],\"inLanguage\":\"de\"},{\"@type\":\"Organization\",\"@id\":\"https:\\\/\\\/www.vitalibera.org\\\/community\\\/#organization\",\"name\":\"vitalibera.org\",\"url\":\"https:\\\/\\\/www.vitalibera.org\\\/community\\\/\",\"logo\":{\"@type\":\"ImageObject\",\"inLanguage\":\"de\",\"@id\":\"https:\\\/\\\/www.vitalibera.org\\\/community\\\/#\\\/schema\\\/logo\\\/image\\\/\",\"url\":\"https:\\\/\\\/www.vitalibera.org\\\/community\\\/wp-content\\\/uploads\\\/2025\\\/09\\\/cropped-banner.png\",\"contentUrl\":\"https:\\\/\\\/www.vitalibera.org\\\/community\\\/wp-content\\\/uploads\\\/2025\\\/09\\\/cropped-banner.png\",\"width\":991,\"height\":150,\"caption\":\"vitalibera.org\"},\"image\":{\"@id\":\"https:\\\/\\\/www.vitalibera.org\\\/community\\\/#\\\/schema\\\/logo\\\/image\\\/\"},\"sameAs\":[\"https:\\\/\\\/www.facebook.com\\\/groups\\\/2997085857140235\"]},{\"@type\":\"Person\",\"@id\":\"https:\\\/\\\/www.vitalibera.org\\\/community\\\/#\\\/schema\\\/person\\\/6712387298421f222ff6d0a2e22c1534\",\"name\":\"Andreas Jecklin\",\"image\":{\"@type\":\"ImageObject\",\"inLanguage\":\"de\",\"@id\":\"https:\\\/\\\/secure.gravatar.com\\\/avatar\\\/ad516503a11cd5ca435acc9bb6523536?s=96\",\"url\":\"https:\\\/\\\/secure.gravatar.com\\\/avatar\\\/ad516503a11cd5ca435acc9bb6523536?s=96\",\"contentUrl\":\"https:\\\/\\\/secure.gravatar.com\\\/avatar\\\/ad516503a11cd5ca435acc9bb6523536?s=96\",\"caption\":\"Andreas Jecklin\"},\"description\":\"Manchen gab Gott die Kraft Dinge zu ver\u00e4ndern, mir gab er die Kraft zu ertragen was nicht mehr zu \u00e4ndern ist.\",\"url\":\"https:\\\/\\\/www.vitalibera.org\\\/community\\\/author\\\/andy77\\\/\"}]}<\/script>\r\n<!-- \/ Yoast SEO plugin. -->","yoast_head_json":{"title":"Trotz Hirnverletzung nach vorne schauen - vitalibera.org","robots":{"index":"index","follow":"follow","max-snippet":"max-snippet:-1","max-image-preview":"max-image-preview:large","max-video-preview":"max-video-preview:-1"},"canonical":"https:\/\/www.vitalibera.org\/community\/2026\/07\/16\/trotz-hirnverletzung-nach-vorne-schauen\/","og_locale":"de_DE","og_type":"article","og_title":"Trotz Hirnverletzung nach vorne schauen - vitalibera.org","og_description":"Trauer, Frust und schwierige Tage geh\u00f6ren dazu. Dennoch ist es wichtig, nicht in Selbstmitleid zu verharren oder den Kopf in den Sand zu stecken. Die Energie, die in Resignation flie\u00dft, fehlt f\u00fcr Fortschritte, neue Erfahrungen und die Dinge, die weiterhin m\u00f6glich sind","og_url":"https:\/\/www.vitalibera.org\/community\/2026\/07\/16\/trotz-hirnverletzung-nach-vorne-schauen\/","og_site_name":"vitalibera.org","article_publisher":"https:\/\/www.facebook.com\/groups\/2997085857140235","article_published_time":"2026-07-16T16:57:02+00:00","article_modified_time":"2026-07-23T13:08:15+00:00","og_image":[{"width":440,"height":355,"url":"https:\/\/www.vitalibera.org\/community\/wp-content\/uploads\/2026\/07\/fightthepower.png","type":"image\/png"}],"author":"Andreas Jecklin","twitter_card":"summary_large_image","twitter_misc":{"Verfasst von":"Andreas Jecklin","Gesch\u00e4tzte Lesezeit":"3\u00a0Minuten"},"schema":{"@context":"https:\/\/schema.org","@graph":[{"@type":"Article","@id":"https:\/\/www.vitalibera.org\/community\/2026\/07\/16\/trotz-hirnverletzung-nach-vorne-schauen\/#article","isPartOf":{"@id":"https:\/\/www.vitalibera.org\/community\/2026\/07\/16\/trotz-hirnverletzung-nach-vorne-schauen\/"},"author":{"name":"Andreas Jecklin","@id":"https:\/\/www.vitalibera.org\/community\/#\/schema\/person\/6712387298421f222ff6d0a2e22c1534"},"headline":"Trotz Hirnverletzung nach vorne schauen","datePublished":"2026-07-16T16:57:02+00:00","dateModified":"2026-07-23T13:08:15+00:00","mainEntityOfPage":{"@id":"https:\/\/www.vitalibera.org\/community\/2026\/07\/16\/trotz-hirnverletzung-nach-vorne-schauen\/"},"wordCount":360,"publisher":{"@id":"https:\/\/www.vitalibera.org\/community\/#organization"},"image":{"@id":"https:\/\/www.vitalibera.org\/community\/2026\/07\/16\/trotz-hirnverletzung-nach-vorne-schauen\/#primaryimage"},"thumbnailUrl":"https:\/\/www.vitalibera.org\/community\/wp-content\/uploads\/2026\/07\/fightthepower.png","keywords":["alltag","ambulant","betroffen","psyche"],"articleSection":["Eingeschr\u00e4nkt im Alltag"],"inLanguage":"de"},{"@type":"WebPage","@id":"https:\/\/www.vitalibera.org\/community\/2026\/07\/16\/trotz-hirnverletzung-nach-vorne-schauen\/","url":"https:\/\/www.vitalibera.org\/community\/2026\/07\/16\/trotz-hirnverletzung-nach-vorne-schauen\/","name":"Trotz Hirnverletzung nach vorne schauen - vitalibera.org","isPartOf":{"@id":"https:\/\/www.vitalibera.org\/community\/#website"},"primaryImageOfPage":{"@id":"https:\/\/www.vitalibera.org\/community\/2026\/07\/16\/trotz-hirnverletzung-nach-vorne-schauen\/#primaryimage"},"image":{"@id":"https:\/\/www.vitalibera.org\/community\/2026\/07\/16\/trotz-hirnverletzung-nach-vorne-schauen\/#primaryimage"},"thumbnailUrl":"https:\/\/www.vitalibera.org\/community\/wp-content\/uploads\/2026\/07\/fightthepower.png","datePublished":"2026-07-16T16:57:02+00:00","dateModified":"2026-07-23T13:08:15+00:00","breadcrumb":{"@id":"https:\/\/www.vitalibera.org\/community\/2026\/07\/16\/trotz-hirnverletzung-nach-vorne-schauen\/#breadcrumb"},"inLanguage":"de","potentialAction":[{"@type":"ReadAction","target":["https:\/\/www.vitalibera.org\/community\/2026\/07\/16\/trotz-hirnverletzung-nach-vorne-schauen\/"]}]},{"@type":"BreadcrumbList","@id":"https:\/\/www.vitalibera.org\/community\/2026\/07\/16\/trotz-hirnverletzung-nach-vorne-schauen\/#breadcrumb","itemListElement":[{"@type":"ListItem","position":1,"name":"Startseite","item":"https:\/\/www.vitalibera.org\/community\/"},{"@type":"ListItem","position":2,"name":"Trotz Hirnverletzung nach vorne schauen"}]},{"@type":"WebSite","@id":"https:\/\/www.vitalibera.org\/community\/#website","url":"https:\/\/www.vitalibera.org\/community\/","name":"vitalibera.org","description":"Mit einer Einschr&auml;nkung gestaltet sich das Leben im Alltag oft schwieriger - hier berichten wir &uuml;ber unsere Erfahrungen und Hilfsmittel um den Alltag so unbeschwert und unkompliziert wie nur m&ouml;glich geniessen zu k&ouml;nnen. Dabei richten wir unseren Fokus gezielt auf Selbst&auml;ndigkeit, Eigenst&auml;ndigkeit und Selbstbestimmung.","publisher":{"@id":"https:\/\/www.vitalibera.org\/community\/#organization"},"potentialAction":[{"@type":"SearchAction","target":{"@type":"EntryPoint","urlTemplate":"https:\/\/www.vitalibera.org\/community\/?s={search_term_string}"},"query-input":{"@type":"PropertyValueSpecification","valueRequired":true,"valueName":"search_term_string"}}],"inLanguage":"de"},{"@type":"Organization","@id":"https:\/\/www.vitalibera.org\/community\/#organization","name":"vitalibera.org","url":"https:\/\/www.vitalibera.org\/community\/","logo":{"@type":"ImageObject","inLanguage":"de","@id":"https:\/\/www.vitalibera.org\/community\/#\/schema\/logo\/image\/","url":"https:\/\/www.vitalibera.org\/community\/wp-content\/uploads\/2025\/09\/cropped-banner.png","contentUrl":"https:\/\/www.vitalibera.org\/community\/wp-content\/uploads\/2025\/09\/cropped-banner.png","width":991,"height":150,"caption":"vitalibera.org"},"image":{"@id":"https:\/\/www.vitalibera.org\/community\/#\/schema\/logo\/image\/"},"sameAs":["https:\/\/www.facebook.com\/groups\/2997085857140235"]},{"@type":"Person","@id":"https:\/\/www.vitalibera.org\/community\/#\/schema\/person\/6712387298421f222ff6d0a2e22c1534","name":"Andreas Jecklin","image":{"@type":"ImageObject","inLanguage":"de","@id":"https:\/\/secure.gravatar.com\/avatar\/ad516503a11cd5ca435acc9bb6523536?s=96","url":"https:\/\/secure.gravatar.com\/avatar\/ad516503a11cd5ca435acc9bb6523536?s=96","contentUrl":"https:\/\/secure.gravatar.com\/avatar\/ad516503a11cd5ca435acc9bb6523536?s=96","caption":"Andreas Jecklin"},"description":"Manchen gab Gott die Kraft Dinge zu ver\u00e4ndern, mir gab er die Kraft zu ertragen was nicht mehr zu \u00e4ndern ist.","url":"https:\/\/www.vitalibera.org\/community\/author\/andy77\/"}]}},"jetpack_publicize_connections":[],"jetpack_sharing_enabled":true,"jetpack-related-posts":[{"id":7568,"url":"https:\/\/www.vitalibera.org\/community\/2026\/05\/28\/nicht-schachmatt-nach-einer-hirnverletzung-ein-neuer-zug-beginnt\/","url_meta":{"origin":8609,"position":0},"title":"Nicht schachmatt nach einer Hirnverletzung \u2013 ein neuer Zug beginnt","author":"Andreas Jecklin","date":"28 Mai, 2026","format":false,"excerpt":"Eine Hirnverletzung kann das Leben von einem Moment auf den anderen ver\u00e4ndern. Pl\u00f6tzlich ist vieles anders \u2013 Gedanken, Gef\u00fchle, der Alltag. Was fr\u00fcher selbstverst\u00e4ndlich war, braucht heute Kraft, Geduld und Mut. Oft f\u00fchlt man sich allein mit diesen Erfahrungen. Doch du bist nicht allein. Es gibt viele Menschen, die einen\u2026","rel":"","context":"In &quot;Alltagsnavigation&quot;","block_context":{"text":"Alltagsnavigation","link":"https:\/\/www.vitalibera.org\/community\/category\/beitraege\/eingeschraenkt-im-alltag\/alltagsnavigation\/"},"img":{"alt_text":"","src":"https:\/\/i0.wp.com\/www.vitalibera.org\/community\/wp-content\/uploads\/2026\/05\/036d4de55e8fb716e54105b5051273ef.jpg?resize=350%2C200&ssl=1","width":350,"height":200,"srcset":"https:\/\/i0.wp.com\/www.vitalibera.org\/community\/wp-content\/uploads\/2026\/05\/036d4de55e8fb716e54105b5051273ef.jpg?resize=350%2C200&ssl=1 1x, https:\/\/i0.wp.com\/www.vitalibera.org\/community\/wp-content\/uploads\/2026\/05\/036d4de55e8fb716e54105b5051273ef.jpg?resize=525%2C300&ssl=1 1.5x"},"classes":[]},{"id":7789,"url":"https:\/\/www.vitalibera.org\/community\/2026\/06\/06\/wenn-spontaneitaet-zur-herausforderung-wird-leben-nach-einer-hirnverletzung\/","url_meta":{"origin":8609,"position":1},"title":"Wenn Spontaneit\u00e4t zur Herausforderung wird \u2013 Leben nach einer Hirnverletzung","author":"Andreas Jecklin","date":"6 Juni, 2026","format":false,"excerpt":"Nach einer Hirnverletzung ver\u00e4ndert sich nicht nur das, was sichtbar ist \u2013 sondern vor allem die Art, wie das Gehirn im Alltag funktioniert. Dinge, die fr\u00fcher \u201eeinfach so\u201c gingen, wie spontan etwas unternehmen, schnell entscheiden oder flexibel reagieren, k\u00f6nnen pl\u00f6tzlich grosse Anstrengung erfordern. Ursache daf\u00fcr sind h\u00e4ufig Einschr\u00e4nkungen in den\u2026","rel":"","context":"In &quot;Fachwissen&quot;","block_context":{"text":"Fachwissen","link":"https:\/\/www.vitalibera.org\/community\/category\/beitraege\/fachwissen\/"},"img":{"alt_text":"","src":"https:\/\/i0.wp.com\/www.vitalibera.org\/community\/wp-content\/uploads\/2026\/06\/spontan191535.png?resize=350%2C200&ssl=1","width":350,"height":200},"classes":[]},{"id":8489,"url":"https:\/\/www.vitalibera.org\/community\/2026\/07\/05\/neue-moeglichkeiten-entdecken-selbstbestimmt-leben-nach-einer-hirnverletzung\/","url_meta":{"origin":8609,"position":2},"title":"Neue M\u00f6glichkeiten entdecken \u2013 selbstbestimmt leben nach einer Hirnverletzung","author":"Andreas Jecklin","date":"5 Juli, 2026","format":false,"excerpt":"Eine Hirnverletzung ver\u00e4ndert das Leben oft tiefgreifend. Hemiparese, eingeschr\u00e4nkte Mobilit\u00e4t, Fatigue oder andere Folgen k\u00f6nnen vertraute Wege erschweren und dazu f\u00fchren, dass man sich mit Verlusten und Grenzen auseinandersetzen muss. Gleichzeitig er\u00f6ffnet sich die Chance, das eigene Leben neu zu betrachten und bewusst neue M\u00f6glichkeiten zu entdecken. Akzeptanz bedeutet dabei\u2026","rel":"","context":"In &quot;Alltagsnavigation&quot;","block_context":{"text":"Alltagsnavigation","link":"https:\/\/www.vitalibera.org\/community\/category\/beitraege\/eingeschraenkt-im-alltag\/alltagsnavigation\/"},"img":{"alt_text":"","src":"https:\/\/i0.wp.com\/www.vitalibera.org\/community\/wp-content\/uploads\/2026\/07\/neuemoeglich.png?resize=350%2C200&ssl=1","width":350,"height":200},"classes":[]},{"id":8899,"url":"https:\/\/www.vitalibera.org\/community\/2026\/08\/01\/wenn-nichts-gelingt-mut-behalten-trotz-hemiparese-mit-einer-hand\/","url_meta":{"origin":8609,"position":3},"title":"Wenn nichts gelingt \u2013 Mut behalten trotz Hemiparese mit einer Hand","author":"Andreas Jecklin","date":"1 August, 2026","format":false,"excerpt":"Nach einer Hirnverletzung mit Hemiparese kann jeder Versuch zur Herausforderung werden \u2013 besonders, wenn ausgerechnet die \u201eSchreibseite\u201c, die vertraute und funktionierende Hand, betroffen ist. Was fr\u00fcher selbstverst\u00e4ndlich war, scheint pl\u00f6tzlich unerreichbar. Der Stift f\u00e4llt, die Bewegung stockt, die Geduld schwindet. Doch genau hier beginnt der eigentliche Weg der Heilung: nicht\u2026","rel":"","context":"In &quot;Alltag&quot;","block_context":{"text":"Alltag","link":"https:\/\/www.vitalibera.org\/community\/category\/beitraege\/eingeschraenkt-im-alltag\/alltag\/"},"img":{"alt_text":"","src":"https:\/\/i0.wp.com\/www.vitalibera.org\/community\/wp-content\/uploads\/2026\/08\/hemi174337.png?resize=350%2C200&ssl=1","width":350,"height":200},"classes":[]},{"id":8502,"url":"https:\/\/www.vitalibera.org\/community\/2026\/07\/06\/das-leben-als-zweite-chance-warum-aufgeben-nach-einer-hirnverletzung-keine-option-ist\/","url_meta":{"origin":8609,"position":4},"title":"Das Leben als zweite Chance \u2013 Warum Aufgeben nach einer Hirnverletzung keine Option ist","author":"Andreas Jecklin","date":"6 Juli, 2026","format":false,"excerpt":"Das \u00dcberleben eines lebensbedrohlichen Sch\u00e4del-Hirn-Traumas, einer Hirnblutung oder eines Schlaganfalls ist keine Selbstverst\u00e4ndlichkeit. Solche Ereignisse k\u00f6nnen innerhalb von Sekunden das gesamte Leben ver\u00e4ndern und stellen Betroffene vor eine der gr\u00f6\u00dften Herausforderungen \u00fcberhaupt. Viele Menschen \u00fcberleben diese Schicksalsschl\u00e4ge nicht oder m\u00fcssen mit erheblichen k\u00f6rperlichen und geistigen Einschr\u00e4nkungen leben. Wer eine solche\u2026","rel":"","context":"In &quot;Fachwissen&quot;","block_context":{"text":"Fachwissen","link":"https:\/\/www.vitalibera.org\/community\/category\/beitraege\/fachwissen\/"},"img":{"alt_text":"","src":"https:\/\/i0.wp.com\/www.vitalibera.org\/community\/wp-content\/uploads\/2026\/07\/cool175932.png?resize=350%2C200&ssl=1","width":350,"height":200},"classes":[]},{"id":7948,"url":"https:\/\/www.vitalibera.org\/community\/2026\/06\/13\/mein-lebensweg-geht-weiter-auch-nach-der-hirnverletzung\/","url_meta":{"origin":8609,"position":5},"title":"Mein Lebensweg geht weiter \u2013 auch nach der Hirnverletzung","author":"Andreas Jecklin","date":"13 Juni, 2026","format":false,"excerpt":"Ein Moment kann alles ver\u00e4ndern \u2013 doch er bestimmt nicht das Ende der Geschichte. Eine Hirnverletzung stellt das Leben auf den Kopf, bringt Herausforderungen, Zweifel und neue Wege mit sich. Und trotzdem bleibt eines bestehen: die Kraft, weiterzugehen. Schritt f\u00fcr Schritt, oft anders als zuvor gedacht, aber begleitet von Hoffnung,\u2026","rel":"","context":"In &quot;Hilfe f\u00fcr Angeh\u00f6rige&quot;","block_context":{"text":"Hilfe f\u00fcr Angeh\u00f6rige","link":"https:\/\/www.vitalibera.org\/community\/category\/hilfe-fuer-angehoerige\/"},"img":{"alt_text":"","src":"https:\/\/i0.wp.com\/www.vitalibera.org\/community\/wp-content\/uploads\/2026\/06\/livegoesonfdf12.png?resize=350%2C200&ssl=1","width":350,"height":200,"srcset":"https:\/\/i0.wp.com\/www.vitalibera.org\/community\/wp-content\/uploads\/2026\/06\/livegoesonfdf12.png?resize=350%2C200&ssl=1 1x, https:\/\/i0.wp.com\/www.vitalibera.org\/community\/wp-content\/uploads\/2026\/06\/livegoesonfdf12.png?resize=525%2C300&ssl=1 1.5x, https:\/\/i0.wp.com\/www.vitalibera.org\/community\/wp-content\/uploads\/2026\/06\/livegoesonfdf12.png?resize=700%2C400&ssl=1 2x"},"classes":[]}],"jetpack_featured_media_url":"https:\/\/www.vitalibera.org\/community\/wp-content\/uploads\/2026\/07\/fightthepower.png","_links":{"self":[{"href":"https:\/\/www.vitalibera.org\/community\/wp-json\/wp\/v2\/posts\/8609","targetHints":{"allow":["GET"]}}],"collection":[{"href":"https:\/\/www.vitalibera.org\/community\/wp-json\/wp\/v2\/posts"}],"about":[{"href":"https:\/\/www.vitalibera.org\/community\/wp-json\/wp\/v2\/types\/post"}],"author":[{"embeddable":true,"href":"https:\/\/www.vitalibera.org\/community\/wp-json\/wp\/v2\/users\/2"}],"replies":[{"embeddable":true,"href":"https:\/\/www.vitalibera.org\/community\/wp-json\/wp\/v2\/comments?post=8609"}],"version-history":[{"count":3,"href":"https:\/\/www.vitalibera.org\/community\/wp-json\/wp\/v2\/posts\/8609\/revisions"}],"predecessor-version":[{"id":8736,"href":"https:\/\/www.vitalibera.org\/community\/wp-json\/wp\/v2\/posts\/8609\/revisions\/8736"}],"wp:featuredmedia":[{"embeddable":true,"href":"https:\/\/www.vitalibera.org\/community\/wp-json\/wp\/v2\/media\/8610"}],"wp:attachment":[{"href":"https:\/\/www.vitalibera.org\/community\/wp-json\/wp\/v2\/media?parent=8609"}],"wp:term":[{"taxonomy":"category","embeddable":true,"href":"https:\/\/www.vitalibera.org\/community\/wp-json\/wp\/v2\/categories?post=8609"},{"taxonomy":"post_tag","embeddable":true,"href":"https:\/\/www.vitalibera.org\/community\/wp-json\/wp\/v2\/tags?post=8609"}],"curies":[{"name":"wp","href":"https:\/\/api.w.org\/{rel}","templated":true}]}}