{"id":8621,"date":"2026-07-17T15:43:31","date_gmt":"2026-07-17T13:43:31","guid":{"rendered":"https:\/\/www.vitalibera.org\/community\/?p=8621"},"modified":"2026-07-19T21:11:59","modified_gmt":"2026-07-19T19:11:59","slug":"gangunsicherheit-im-alltag-nach-hirnverletzung-foerdern-ein-praxisleitfaden-fuer-angehoerige","status":"publish","type":"post","link":"https:\/\/www.vitalibera.org\/community\/2026\/07\/17\/gangunsicherheit-im-alltag-nach-hirnverletzung-foerdern-ein-praxisleitfaden-fuer-angehoerige\/","title":{"rendered":"Gangunsicherheit im Alltag nach Hirnverletzung f\u00f6rdern \u2013 Ein Praxisleitfaden f\u00fcr Angeh\u00f6rige"},"content":{"rendered":"\n<div class=\"wp-block-media-text is-stacked-on-mobile is-vertically-aligned-top\"><figure class=\"wp-block-media-text__media\"><img fetchpriority=\"high\" decoding=\"async\" width=\"365\" height=\"436\" src=\"https:\/\/www.vitalibera.org\/community\/wp-content\/uploads\/2026\/07\/gangunsicherheit4127.png\" alt=\"\" class=\"wp-image-8622 size-full\" srcset=\"https:\/\/www.vitalibera.org\/community\/wp-content\/uploads\/2026\/07\/gangunsicherheit4127.png 365w, https:\/\/www.vitalibera.org\/community\/wp-content\/uploads\/2026\/07\/gangunsicherheit4127-251x300.png 251w\" sizes=\"(max-width: 365px) 100vw, 365px\" \/><\/figure><div class=\"wp-block-media-text__content\">\n<p>Nach einer <a href=\"https:\/\/www.vitalibera.org\/community\/enzyklopaedie\/hirnverletzung\/\" target=\"_self\" title=\"Eine Hirnverletzung (oft als&nbsp;Sch&auml;del-Hirn-Trauma, SHT) ist eine&nbsp;Sch&auml;digung des Gehirns, verursacht durch &auml;u&szlig;ere Gewalteinwirkung (Unfall, Sturz) oder innere Faktoren (Schlaganfall, Tumor). Sie f&uuml;hrt zu k&ouml;rperlichen, kognitiven und verhaltensbezogenen Einschr&auml;nkungen, die oft unsichtbar bleiben. Symptome reichen von Kopfschmerzen bis zu schweren Behinderungen. Wichtige Aspekte der Hirnverletzung: Ursachen:&nbsp;H&auml;ufig durch Schlaganf&auml;lle, Hirnblutungen, Sauerstoffmangel oder St&uuml;rze\/Verkehrsunf&auml;lle (Sch&auml;del-Hirn-Trauma). Formen (SHT):&nbsp;Unterscheidung in&hellip;\" class=\"encyclopedia\">Hirnverletzung<\/a>, einem <a href=\"https:\/\/www.vitalibera.org\/community\/enzyklopaedie\/schlaganfall\/\" target=\"_self\" title=\"Ein Schlaganfall, auch Hirnschlag oder Apoplex genannt, ist eine&nbsp;pl&ouml;tzlich auftretende Durchblutungsst&ouml;rung im Gehirn, die dazu f&uuml;hrt, dass Gehirnzellen nicht mehr ausreichend mit Sauerstoff und N&auml;hrstoffen versorgt werden.&nbsp;Dies kann zu bleibenden Sch&auml;den oder sogar zum Absterben von Hirnzellen f&uuml;hren, wenn die Durchblutung nicht schnell wiederhergestellt wird.\" class=\"encyclopedia\">Schlaganfall<\/a>, einer <a href=\"https:\/\/www.vitalibera.org\/community\/enzyklopaedie\/hirnblutung\/\" target=\"_self\" title=\"Eine Hirnblutung ist eine&nbsp;Blutung innerhalb des Sch&auml;dels, die durch ein geplatztes oder gerissenes Blutgef&auml;&szlig; im Gehirn verursacht wird.&nbsp;Dies kann zu einer Sch&auml;digung des Gehirngewebes durch den Bluterguss und den erh&ouml;hten Druck f&uuml;hren, was potenziell lebensbedrohlich ist.&nbsp; Ursachen: Bluthochdruck ist eine der h&auml;ufigsten Ursachen f&uuml;r Hirnblutungen, da er die Blutgef&auml;&szlig;e schw&auml;chen und zum Platzen bringen kann.&nbsp;&hellip;\" class=\"encyclopedia\">Hirnblutung<\/a> oder einem <a href=\"https:\/\/www.vitalibera.org\/community\/enzyklopaedie\/schaedel-hirn-trauma-sht\/\" target=\"_self\" title=\"Sch&auml;del-Hirn-Trauma (SHT), eine Verletzung des Sch&auml;dels und\/oder des Gehirns, die durch eine Gewalteinwirkung verursacht wird.&nbsp;SHTs reichen von leichten Formen wie Gehirnersch&uuml;tterungen bis hin zu schweren Verletzungen, die eine sofortige medizinische Behandlung erfordern und lebensbedrohlich sein k&ouml;nnen.&nbsp;M&ouml;gliche Folgen sind vor&uuml;bergehende oder dauerhafte Einschr&auml;nkungen der Hirnfunktion sowie Blutungen.&nbsp; Ursachen &Auml;u&szlig;ere Krafteinwirkung auf den Kopf Unf&auml;lle und St&uuml;rze&hellip;\" class=\"encyclopedia\">Sch&auml;del-Hirn-Trauma<\/a> beginnt f&uuml;r <a href=\"https:\/\/www.vitalibera.org\/community\/2026\/04\/19\/wenn-reize-laut-werden-und-menschen-leise\/\"><font color=\"blue\"><img src=\"https:\/\/www.vitalibera.org\/community\/wp-content\/images\/link.png\" width=\"20\" height=\"20\"><u>Betroffene<\/u><\/font><\/a> und ihre Angeh&ouml;rigen oft ein langer Weg der <a href=\"https:\/\/www.vitalibera.org\/community\/2026\/07\/14\/orientierungslosigkeit-in-der-akutphase-nach-einer-hirnverletzung\/\"><font color=\"blue\"><img src=\"https:\/\/www.vitalibera.org\/community\/wp-content\/images\/link.png\" width=\"20\" height=\"20\"><u>Rehabilitation<\/u><\/font><\/a>. <\/p>\n\n\n\n<p>Neben der medizinischen und therapeutischen Behandlung <a href=\"https:\/\/www.vitalibera.org\/community\/2026\/08\/09\/einhaendiges-gaming-bei-hemiprese-selbstbestimmung-durch-clevere-adaptive-technik\/\"><font color=\"blue\"><img src=\"https:\/\/www.vitalibera.org\/community\/wp-content\/images\/link.png\" width=\"20\" height=\"20\"><u>spielen<\/u><\/font><\/a> die allt&auml;glichen Aktivit&auml;ten eine entscheidende Rolle f&uuml;r den Genesungsprozess. Angeh&ouml;rige k&ouml;nnen dabei einen wertvollen Beitrag leisten, indem sie <a href=\"https:\/\/www.vitalibera.org\/community\/2026\/08\/24\/alltagstraining-mit-arm-und-bein-hometrainer-nach-hirnverletzung\/\"><font color=\"blue\"><img src=\"https:\/\/www.vitalibera.org\/community\/wp-content\/images\/link.png\" width=\"20\" height=\"20\"><u>Bewegung<\/u><\/font><\/a>, Selbstst&auml;ndigkeit, <a href=\"https:\/\/www.vitalibera.org\/community\/2026\/07\/16\/trotz-hirnverletzung-nach-vorne-schauen\/\"><font color=\"blue\"><img src=\"https:\/\/www.vitalibera.org\/community\/wp-content\/images\/link.png\" width=\"20\" height=\"20\"><u>Motivation<\/u><\/font><\/a> und Lebensfreude gezielt im <a href=\"https:\/\/www.vitalibera.org\/community\/2026\/04\/30\/lapstacker-transport-gurtsystem-fuer-rollstuehle\/\"><font color=\"blue\"><img src=\"https:\/\/www.vitalibera.org\/community\/wp-content\/images\/link.png\" width=\"20\" height=\"20\"><u>Alltag<\/u><\/font><\/a> f&ouml;rdern.<\/p>\n\n\n\n<p>Dieses <a href=\"https:\/\/www.vitalibera.org\/community\/2026\/08\/18\/betroffene-hand-und-finger-aktivieren-eigentherapie-bei-spastik-und-fauststellung\/\"><font color=\"blue\"><img src=\"https:\/\/www.vitalibera.org\/community\/wp-content\/images\/link.png\" width=\"20\" height=\"20\"><u>Training<\/u><\/font><\/a> muss nicht immer wie <a href=\"https:\/\/www.vitalibera.org\/community\/2026\/08\/31\/neue-therapieverfahren-in-der-fruehrehabilitation-wege-zurueck-ins-leben-nach-hirnverletzung\/\"><font color=\"blue\"><img src=\"https:\/\/www.vitalibera.org\/community\/wp-content\/images\/link.png\" width=\"20\" height=\"20\"><u>Therapie<\/u><\/font><\/a> aussehen. Viele wirksame &Uuml;bungen lassen sich in gew&ouml;hnliche Alltagssituationen integrieren &ndash; beim Aufstehen, Gehen, <a href=\"https:\/\/www.vitalibera.org\/community\/2026\/05\/11\/kochen-trotz-hemiparese\/\"><font color=\"blue\"><img src=\"https:\/\/www.vitalibera.org\/community\/wp-content\/images\/link.png\" width=\"20\" height=\"20\"><u>Kochen<\/u><\/font><\/a>, Einkaufen oder bei gemeinsamen Freizeitaktivit&auml;ten. <\/p>\n\n\n\n<p>Ziel ist es, die k&ouml;rperlichen F&auml;higkeiten wie Gleichgewicht, Gangsicherheit und Armfunktion zu verbessern, gleichzeitig aber auch das Selbstvertrauen, die Motivation und das Durchhalteverm&ouml;gen der betroffenen Person zu st&auml;rken.<\/p>\n\n\n\n<p>Jeder noch so kleine Fortschritt ist ein wichtiger Schritt auf dem Weg zur&uuml;ck zu mehr Selbstst&auml;ndigkeit und Lebensqualit&auml;t. Mit Geduld, Verst&auml;ndnis und regelm&auml;&szlig;iger &Uuml;bung k&ouml;nnen Angeh&ouml;rige zu einer wichtigen St&uuml;tze im Genesungsprozess werden.<\/p>\n<\/div><\/div>\n\n\n\n<p><strong>Wichtig<\/strong>: Immer auf ausreichende Sicherung achten (Gel&auml;nder, stabile Tischplatte, Begleitperson), damit keine Sturzgefahr besteht.<\/p>\n\n\n\n<h6 class=\"wp-block-heading\"><strong>1. Gewichtsverlagerung im Stand<\/strong><\/h6>\n\n\n\n<p><strong>Ziel:<\/strong> Sicher auf dem betroffenen Bein stehen lernen.<\/p>\n\n\n\n<ul class=\"wp-block-list\">\n<li>Beide F&uuml;&szlig;e h&uuml;ftbreit aufstellen.<\/li>\n\n\n\n<li>Gewicht langsam nach rechts und links verlagern.<\/li>\n\n\n\n<li>3&ndash;5 Sekunden halten.<\/li>\n\n\n\n<li>10&ndash;20 Wiederholungen.<\/li>\n<\/ul>\n\n\n\n<p>Sp&auml;ter: Mehr Gewicht auf die betroffene Seite bringen.<\/p>\n\n\n\n<h6 class=\"wp-block-heading\"><strong>2. Marschieren am Platz<\/strong><\/h6>\n\n\n\n<p><strong>Ziel:<\/strong> Schrittausl&ouml;sung und Gleichgewicht verbessern.<\/p>\n\n\n\n<ul class=\"wp-block-list\">\n<li>An einer K&uuml;chenzeile oder einem Gel&auml;nder\/Handlauf festhalten.<\/li>\n\n\n\n<li>Abwechselnd Knie anheben.<\/li>\n\n\n\n<li>Langsam und kontrolliert.<\/li>\n<\/ul>\n\n\n\n<p>1&ndash;3 Minuten.<\/p>\n\n\n\n<h6 class=\"wp-block-heading\"><strong>3. Seitliche Schritte<\/strong><\/h6>\n\n\n\n<p><strong>Ziel:<\/strong> St&uuml;rze zur Seite verhindern.<\/p>\n\n\n\n<ul class=\"wp-block-list\">\n<li>Entlang einer K&uuml;chenzeile gehen.<\/li>\n\n\n\n<li>5&ndash;10 Schritte nach rechts.<\/li>\n\n\n\n<li>5&ndash;10 Schritte nach links.<\/li>\n<\/ul>\n\n\n\n<p>2&ndash;3 Durchg&auml;nge.<\/p>\n\n\n\n<h6 class=\"wp-block-heading\"><strong>4. Gehen mit bewussten Stopps<\/strong><\/h6>\n\n\n\n<p><strong>Ziel:<\/strong> Kontrolle beim Gehen.<\/p>\n\n\n\n<ul class=\"wp-block-list\">\n<li>Einige Meter gehen.<\/li>\n\n\n\n<li>Auf Kommando anhalten.<\/li>\n\n\n\n<li>Stehen bleiben.<\/li>\n\n\n\n<li>Dann weitergehen.<\/li>\n<\/ul>\n\n\n\n<p>Dadurch werden Gleichgewicht und Reaktionsf&auml;higkeit trainiert.<\/p>\n\n\n\n<h6 class=\"wp-block-heading\"><strong>5. Richtungswechsel &uuml;ben<\/strong><\/h6>\n\n\n\n<p>Viele St&uuml;rze passieren beim Drehen.<\/p>\n\n\n\n<ul class=\"wp-block-list\">\n<li>Im Stand kleine Schritte zur Drehung machen.<\/li>\n\n\n\n<li>Nicht auf einem Bein drehen.<\/li>\n\n\n\n<li>Rechts und links &uuml;ben.<\/li>\n<\/ul>\n\n\n\n<p>5&ndash;10 Wiederholungen.<\/p>\n\n\n\n<h6 class=\"wp-block-heading\"><strong>6. Zielgerichtetes Gehen<\/strong><\/h6>\n\n\n\n<p><strong>Ziel:<\/strong> Alltagstauglichkeit erh&ouml;hen.<\/p>\n\n\n\n<p>Beispiele:<\/p>\n\n\n\n<ul class=\"wp-block-list\">\n<li>Zum Briefkasten gehen.<\/li>\n\n\n\n<li>Ein Glas von einem Tisch holen.<\/li>\n\n\n\n<li>Gegenst&auml;nde in einem Raum einsammeln.<\/li>\n<\/ul>\n\n\n\n<p>Das Gehirn lernt oft besser bei sinnvollen Aufgaben als bei reinen &Uuml;bungen.<\/p>\n\n\n\n<h6 class=\"wp-block-heading\"><strong>7. Hindernisse umgehen<\/strong><\/h6>\n\n\n\n<p><strong>Nur bei ausreichender Sicherheit.<\/strong><\/p>\n\n\n\n<ul class=\"wp-block-list\">\n<li>Um St&uuml;hle, kleine Pylonen oder H&uuml;tchen gehen.<\/li>\n\n\n\n<li>Kleine Slalomstrecken aufbauen.<\/li>\n<\/ul>\n\n\n\n<p>F&ouml;rdert Koordination und r&auml;umliche Orientierung.<\/p>\n\n\n\n<h6 class=\"wp-block-heading\"><strong>8. Aufstehen und Hinsetzen<\/strong><\/h6>\n\n\n\n<p>Eine der wichtigsten Alltags&uuml;bungen.<\/p>\n\n\n\n<ul class=\"wp-block-list\">\n<li>Von einem stabilen Stuhl aufstehen.<\/li>\n\n\n\n<li>Kurz stehen bleiben.<\/li>\n\n\n\n<li>Langsam wieder hinsetzen.<\/li>\n<\/ul>\n\n\n\n<p>10&ndash;15 Wiederholungen.<\/p>\n\n\n\n<h6 class=\"wp-block-heading\"><strong>9. Treppenstufe nutzen<\/strong><\/h6>\n\n\n\n<p>Falls vom Therapeuten erlaubt:<\/p>\n\n\n\n<ul class=\"wp-block-list\">\n<li>Mit einem Fu&szlig; auf eine niedrige Stufe steigen.<\/li>\n\n\n\n<li>Wieder zur&uuml;ck.<\/li>\n\n\n\n<li>Seite wechseln.<\/li>\n<\/ul>\n\n\n\n<p>Trainiert Kraft, Gleichgewicht und Schrittsicherheit.<\/p>\n\n\n\n<h6 class=\"wp-block-heading\"><strong>10. Dual-Task-Training<\/strong><\/h6>\n\n\n\n<p>F&uuml;r fortgeschrittene Betroffene:<\/p>\n\n\n\n<ul class=\"wp-block-list\">\n<li>Gehen und dabei:\n<ul class=\"wp-block-list\">\n<li>Wochentage nennen<\/li>\n\n\n\n<li>r&uuml;ckw&auml;rts z&auml;hlen<\/li>\n\n\n\n<li>Gegenst&auml;nde aufz&auml;hlen<\/li>\n\n\n\n<li>Einen Witz erz&auml;hlen<\/li>\n<\/ul>\n<\/li>\n<\/ul>\n\n\n\n<p>Dadurch wird das Gehen unter Alltagsbedingungen trainiert.<\/p>\n\n\n\n<h6 class=\"wp-block-heading\"><strong>Besonders wirksam f&uuml;r den Alltag<\/strong><\/h6>\n\n\n\n<p>Wenn du als Angeh&ouml;riger nur drei &Uuml;bungen t&auml;glich einbauen m&ouml;chtest, empfehle ich:<\/p>\n\n\n\n<ol class=\"wp-block-list\">\n<li>Aufstehen und Hinsetzen<\/li>\n\n\n\n<li>Gewichtsverlagerungen nach rechts und links<\/li>\n\n\n\n<li>Mehrere kurze Gehstrecken mit Richtungswechseln<\/li>\n<\/ol>\n\n\n\n<p>Diese &Uuml;bungen bilden viele typische Alltagssituationen ab und f&ouml;rdern Sicherheit, Selbstst&auml;ndigkeit und Vertrauen in die eigene Bewegungsf&auml;higkeit.<\/p>\n\n\n\n<div class=\"wp-block-media-text is-stacked-on-mobile is-vertically-aligned-top\" style=\"grid-template-columns:32% auto\"><figure class=\"wp-block-media-text__media\"><img decoding=\"async\" width=\"302\" height=\"277\" src=\"http:\/\/www.vitalibera.org\/community\/wp-content\/uploads\/2026\/03\/tip3.png\" alt=\"\" class=\"wp-image-6087 size-full\" srcset=\"https:\/\/www.vitalibera.org\/community\/wp-content\/uploads\/2026\/03\/tip3.png 302w, https:\/\/www.vitalibera.org\/community\/wp-content\/uploads\/2026\/03\/tip3-300x275.png 300w\" sizes=\"(max-width: 302px) 100vw, 302px\" \/><\/figure><div class=\"wp-block-media-text__content\">\n<p><strong>Motiviere statt zu dr&auml;ngen.<\/strong> Ermutige deinen Angeh&ouml;rigen, neue Dinge auszuprobieren und kleine Herausforderungen anzunehmen. Lobe jeden Fortschritt &ndash; auch wenn er noch so klein erscheint. Positive Erfahrungen st&auml;rken das Selbstvertrauen, f&ouml;rdern die Motivation und helfen, R&uuml;ckschl&auml;ge besser zu bew&auml;ltigen.<\/p>\n\n\n\n<p><strong>Denk daran:<\/strong> Nicht Perfektion ist das Ziel, sondern kontinuierlicher Fortschritt. Jeder Schritt, jede selbstst&auml;ndig erledigte Aufgabe und jede gemeisterte Herausforderung ist ein Erfolg auf dem Weg der Genesung.<\/p>\n<\/div><\/div>\n","protected":false},"excerpt":{"rendered":"<p>Neben der medizinischen und therapeutischen Behandlung spielen die allt\u00e4glichen Aktivit\u00e4ten eine entscheidende Rolle f\u00fcr den Genesungsprozess. Angeh\u00f6rige k\u00f6nnen dabei einen wertvollen Beitrag leisten, indem sie Bewegung, Selbstst\u00e4ndigkeit, Motivation und Lebensfreude gezielt im Alltag f\u00f6rdern.<\/p>\n","protected":false},"author":2,"featured_media":8622,"comment_status":"closed","ping_status":"open","sticky":false,"template":"","format":"standard","meta":{"cybocfi_hide_featured_image":"yes","_jetpack_newsletter_access":"","_jetpack_dont_email_post_to_subs":false,"_jetpack_newsletter_tier_id":0,"_jetpack_memberships_contains_paywalled_content":false,"_jetpack_feature_clip_id":0,"_jetpack_memberships_contains_paid_content":false,"footnotes":"","jetpack_publicize_message":"","jetpack_publicize_feature_enabled":true,"jetpack_social_post_already_shared":false,"jetpack_social_options":{"image_generator_settings":{"template":"highway","default_image_id":0,"font":"","enabled":false},"version":2},"jetpack_post_was_ever_published":false},"categories":[64],"tags":[495,532,568,536],"class_list":["post-8621","post","type-post","status-publish","format-standard","has-post-thumbnail","hentry","category-physio","tag-alltag","tag-ambulant","tag-eigentraining","tag-pflege"],"yoast_head":"<!-- This site is optimized with the Yoast SEO plugin v28.2 - https:\/\/yoast.com\/product\/yoast-seo-wordpress\/ -->\r\n<title>Gangunsicherheit im Alltag nach Hirnverletzung f\u00f6rdern \u2013 Ein Praxisleitfaden f\u00fcr Angeh\u00f6rige - vitalibera.org<\/title>\r\n<meta name=\"robots\" content=\"index, follow, max-snippet:-1, max-image-preview:large, max-video-preview:-1\" \/>\r\n<link rel=\"canonical\" href=\"http:\/\/www.vitalibera.org\/community\/2026\/07\/17\/gangunsicherheit-im-alltag-nach-hirnverletzung-foerdern-ein-praxisleitfaden-fuer-angehoerige\/\" \/>\r\n<meta property=\"og:locale\" content=\"de_DE\" \/>\r\n<meta property=\"og:type\" content=\"article\" \/>\r\n<meta property=\"og:title\" content=\"Gangunsicherheit im Alltag nach Hirnverletzung f\u00f6rdern \u2013 Ein Praxisleitfaden f\u00fcr Angeh\u00f6rige - vitalibera.org\" \/>\r\n<meta property=\"og:description\" content=\"Neben der medizinischen und therapeutischen Behandlung spielen die allt\u00e4glichen Aktivit\u00e4ten eine entscheidende Rolle f\u00fcr den Genesungsprozess. Angeh\u00f6rige k\u00f6nnen dabei einen wertvollen Beitrag leisten, indem sie Bewegung, Selbstst\u00e4ndigkeit, Motivation und Lebensfreude gezielt im Alltag f\u00f6rdern.\" \/>\r\n<meta property=\"og:url\" content=\"http:\/\/www.vitalibera.org\/community\/2026\/07\/17\/gangunsicherheit-im-alltag-nach-hirnverletzung-foerdern-ein-praxisleitfaden-fuer-angehoerige\/\" \/>\r\n<meta property=\"og:site_name\" content=\"vitalibera.org\" \/>\r\n<meta property=\"article:publisher\" content=\"https:\/\/www.facebook.com\/groups\/2997085857140235\" \/>\r\n<meta property=\"article:published_time\" content=\"2026-07-17T13:43:31+00:00\" \/>\r\n<meta property=\"article:modified_time\" content=\"2026-07-19T19:11:59+00:00\" \/>\r\n<meta property=\"og:image\" content=\"http:\/\/www.vitalibera.org\/community\/wp-content\/uploads\/2026\/07\/gangunsicherheit4127.png\" \/>\r\n\t<meta property=\"og:image:width\" content=\"365\" \/>\r\n\t<meta property=\"og:image:height\" content=\"436\" \/>\r\n\t<meta property=\"og:image:type\" content=\"image\/png\" \/>\r\n<meta name=\"author\" content=\"Andreas Jecklin\" \/>\r\n<meta name=\"twitter:card\" content=\"summary_large_image\" \/>\r\n<meta name=\"twitter:label1\" content=\"Verfasst von\" \/>\n\t<meta name=\"twitter:data1\" content=\"Andreas Jecklin\" \/>\n\t<meta name=\"twitter:label2\" content=\"Gesch\u00e4tzte Lesezeit\" \/>\n\t<meta name=\"twitter:data2\" content=\"4\u00a0Minuten\" \/>\r\n<script type=\"application\/ld+json\" class=\"yoast-schema-graph\">{\"@context\":\"https:\\\/\\\/schema.org\",\"@graph\":[{\"@type\":\"Article\",\"@id\":\"http:\\\/\\\/www.vitalibera.org\\\/community\\\/2026\\\/07\\\/17\\\/gangunsicherheit-im-alltag-nach-hirnverletzung-foerdern-ein-praxisleitfaden-fuer-angehoerige\\\/#article\",\"isPartOf\":{\"@id\":\"http:\\\/\\\/www.vitalibera.org\\\/community\\\/2026\\\/07\\\/17\\\/gangunsicherheit-im-alltag-nach-hirnverletzung-foerdern-ein-praxisleitfaden-fuer-angehoerige\\\/\"},\"author\":{\"name\":\"Andreas Jecklin\",\"@id\":\"https:\\\/\\\/www.vitalibera.org\\\/community\\\/#\\\/schema\\\/person\\\/6712387298421f222ff6d0a2e22c1534\"},\"headline\":\"Gangunsicherheit im Alltag nach Hirnverletzung f\u00f6rdern \u2013 Ein Praxisleitfaden f\u00fcr Angeh\u00f6rige\",\"datePublished\":\"2026-07-17T13:43:31+00:00\",\"dateModified\":\"2026-07-19T19:11:59+00:00\",\"mainEntityOfPage\":{\"@id\":\"http:\\\/\\\/www.vitalibera.org\\\/community\\\/2026\\\/07\\\/17\\\/gangunsicherheit-im-alltag-nach-hirnverletzung-foerdern-ein-praxisleitfaden-fuer-angehoerige\\\/\"},\"wordCount\":589,\"publisher\":{\"@id\":\"https:\\\/\\\/www.vitalibera.org\\\/community\\\/#organization\"},\"image\":{\"@id\":\"http:\\\/\\\/www.vitalibera.org\\\/community\\\/2026\\\/07\\\/17\\\/gangunsicherheit-im-alltag-nach-hirnverletzung-foerdern-ein-praxisleitfaden-fuer-angehoerige\\\/#primaryimage\"},\"thumbnailUrl\":\"https:\\\/\\\/www.vitalibera.org\\\/community\\\/wp-content\\\/uploads\\\/2026\\\/07\\\/gangunsicherheit4127.png\",\"keywords\":[\"alltag\",\"ambulant\",\"eigentraining\",\"pflege\"],\"articleSection\":[\"Physiotherapie\"],\"inLanguage\":\"de\"},{\"@type\":\"WebPage\",\"@id\":\"http:\\\/\\\/www.vitalibera.org\\\/community\\\/2026\\\/07\\\/17\\\/gangunsicherheit-im-alltag-nach-hirnverletzung-foerdern-ein-praxisleitfaden-fuer-angehoerige\\\/\",\"url\":\"http:\\\/\\\/www.vitalibera.org\\\/community\\\/2026\\\/07\\\/17\\\/gangunsicherheit-im-alltag-nach-hirnverletzung-foerdern-ein-praxisleitfaden-fuer-angehoerige\\\/\",\"name\":\"Gangunsicherheit im Alltag nach Hirnverletzung f\u00f6rdern \u2013 Ein Praxisleitfaden f\u00fcr Angeh\u00f6rige - vitalibera.org\",\"isPartOf\":{\"@id\":\"https:\\\/\\\/www.vitalibera.org\\\/community\\\/#website\"},\"primaryImageOfPage\":{\"@id\":\"http:\\\/\\\/www.vitalibera.org\\\/community\\\/2026\\\/07\\\/17\\\/gangunsicherheit-im-alltag-nach-hirnverletzung-foerdern-ein-praxisleitfaden-fuer-angehoerige\\\/#primaryimage\"},\"image\":{\"@id\":\"http:\\\/\\\/www.vitalibera.org\\\/community\\\/2026\\\/07\\\/17\\\/gangunsicherheit-im-alltag-nach-hirnverletzung-foerdern-ein-praxisleitfaden-fuer-angehoerige\\\/#primaryimage\"},\"thumbnailUrl\":\"https:\\\/\\\/www.vitalibera.org\\\/community\\\/wp-content\\\/uploads\\\/2026\\\/07\\\/gangunsicherheit4127.png\",\"datePublished\":\"2026-07-17T13:43:31+00:00\",\"dateModified\":\"2026-07-19T19:11:59+00:00\",\"breadcrumb\":{\"@id\":\"http:\\\/\\\/www.vitalibera.org\\\/community\\\/2026\\\/07\\\/17\\\/gangunsicherheit-im-alltag-nach-hirnverletzung-foerdern-ein-praxisleitfaden-fuer-angehoerige\\\/#breadcrumb\"},\"inLanguage\":\"de\",\"potentialAction\":[{\"@type\":\"ReadAction\",\"target\":[\"http:\\\/\\\/www.vitalibera.org\\\/community\\\/2026\\\/07\\\/17\\\/gangunsicherheit-im-alltag-nach-hirnverletzung-foerdern-ein-praxisleitfaden-fuer-angehoerige\\\/\"]}]},{\"@type\":\"BreadcrumbList\",\"@id\":\"http:\\\/\\\/www.vitalibera.org\\\/community\\\/2026\\\/07\\\/17\\\/gangunsicherheit-im-alltag-nach-hirnverletzung-foerdern-ein-praxisleitfaden-fuer-angehoerige\\\/#breadcrumb\",\"itemListElement\":[{\"@type\":\"ListItem\",\"position\":1,\"name\":\"Startseite\",\"item\":\"https:\\\/\\\/www.vitalibera.org\\\/community\\\/\"},{\"@type\":\"ListItem\",\"position\":2,\"name\":\"Gangunsicherheit im Alltag nach Hirnverletzung f\u00f6rdern \u2013 Ein Praxisleitfaden f\u00fcr Angeh\u00f6rige\"}]},{\"@type\":\"WebSite\",\"@id\":\"https:\\\/\\\/www.vitalibera.org\\\/community\\\/#website\",\"url\":\"https:\\\/\\\/www.vitalibera.org\\\/community\\\/\",\"name\":\"vitalibera.org\",\"description\":\"Mit einer Einschr&auml;nkung gestaltet sich das Leben im Alltag oft schwieriger - hier berichten wir &uuml;ber unsere Erfahrungen und Hilfsmittel um den Alltag so unbeschwert und unkompliziert wie nur m&ouml;glich geniessen zu k&ouml;nnen. Dabei richten wir unseren Fokus gezielt auf Selbst&auml;ndigkeit, Eigenst&auml;ndigkeit und Selbstbestimmung.\",\"publisher\":{\"@id\":\"https:\\\/\\\/www.vitalibera.org\\\/community\\\/#organization\"},\"potentialAction\":[{\"@type\":\"SearchAction\",\"target\":{\"@type\":\"EntryPoint\",\"urlTemplate\":\"https:\\\/\\\/www.vitalibera.org\\\/community\\\/?s={search_term_string}\"},\"query-input\":{\"@type\":\"PropertyValueSpecification\",\"valueRequired\":true,\"valueName\":\"search_term_string\"}}],\"inLanguage\":\"de\"},{\"@type\":\"Organization\",\"@id\":\"https:\\\/\\\/www.vitalibera.org\\\/community\\\/#organization\",\"name\":\"vitalibera.org\",\"url\":\"https:\\\/\\\/www.vitalibera.org\\\/community\\\/\",\"logo\":{\"@type\":\"ImageObject\",\"inLanguage\":\"de\",\"@id\":\"https:\\\/\\\/www.vitalibera.org\\\/community\\\/#\\\/schema\\\/logo\\\/image\\\/\",\"url\":\"https:\\\/\\\/www.vitalibera.org\\\/community\\\/wp-content\\\/uploads\\\/2025\\\/09\\\/cropped-banner.png\",\"contentUrl\":\"https:\\\/\\\/www.vitalibera.org\\\/community\\\/wp-content\\\/uploads\\\/2025\\\/09\\\/cropped-banner.png\",\"width\":991,\"height\":150,\"caption\":\"vitalibera.org\"},\"image\":{\"@id\":\"https:\\\/\\\/www.vitalibera.org\\\/community\\\/#\\\/schema\\\/logo\\\/image\\\/\"},\"sameAs\":[\"https:\\\/\\\/www.facebook.com\\\/groups\\\/2997085857140235\"]},{\"@type\":\"Person\",\"@id\":\"https:\\\/\\\/www.vitalibera.org\\\/community\\\/#\\\/schema\\\/person\\\/6712387298421f222ff6d0a2e22c1534\",\"name\":\"Andreas Jecklin\",\"image\":{\"@type\":\"ImageObject\",\"inLanguage\":\"de\",\"@id\":\"https:\\\/\\\/secure.gravatar.com\\\/avatar\\\/ad516503a11cd5ca435acc9bb6523536?s=96\",\"url\":\"https:\\\/\\\/secure.gravatar.com\\\/avatar\\\/ad516503a11cd5ca435acc9bb6523536?s=96\",\"contentUrl\":\"https:\\\/\\\/secure.gravatar.com\\\/avatar\\\/ad516503a11cd5ca435acc9bb6523536?s=96\",\"caption\":\"Andreas Jecklin\"},\"description\":\"Manchen gab Gott die Kraft Dinge zu ver\u00e4ndern, mir gab er die Kraft zu ertragen was nicht mehr zu \u00e4ndern ist.\",\"url\":\"https:\\\/\\\/www.vitalibera.org\\\/community\\\/author\\\/andy77\\\/\"}]}<\/script>\r\n<!-- \/ Yoast SEO plugin. -->","yoast_head_json":{"title":"Gangunsicherheit im Alltag nach Hirnverletzung f\u00f6rdern \u2013 Ein Praxisleitfaden f\u00fcr Angeh\u00f6rige - vitalibera.org","robots":{"index":"index","follow":"follow","max-snippet":"max-snippet:-1","max-image-preview":"max-image-preview:large","max-video-preview":"max-video-preview:-1"},"canonical":"http:\/\/www.vitalibera.org\/community\/2026\/07\/17\/gangunsicherheit-im-alltag-nach-hirnverletzung-foerdern-ein-praxisleitfaden-fuer-angehoerige\/","og_locale":"de_DE","og_type":"article","og_title":"Gangunsicherheit im Alltag nach Hirnverletzung f\u00f6rdern \u2013 Ein Praxisleitfaden f\u00fcr Angeh\u00f6rige - vitalibera.org","og_description":"Neben der medizinischen und therapeutischen Behandlung spielen die allt\u00e4glichen Aktivit\u00e4ten eine entscheidende Rolle f\u00fcr den Genesungsprozess. Angeh\u00f6rige k\u00f6nnen dabei einen wertvollen Beitrag leisten, indem sie Bewegung, Selbstst\u00e4ndigkeit, Motivation und Lebensfreude gezielt im Alltag f\u00f6rdern.","og_url":"http:\/\/www.vitalibera.org\/community\/2026\/07\/17\/gangunsicherheit-im-alltag-nach-hirnverletzung-foerdern-ein-praxisleitfaden-fuer-angehoerige\/","og_site_name":"vitalibera.org","article_publisher":"https:\/\/www.facebook.com\/groups\/2997085857140235","article_published_time":"2026-07-17T13:43:31+00:00","article_modified_time":"2026-07-19T19:11:59+00:00","og_image":[{"width":365,"height":436,"url":"http:\/\/www.vitalibera.org\/community\/wp-content\/uploads\/2026\/07\/gangunsicherheit4127.png","type":"image\/png"}],"author":"Andreas Jecklin","twitter_card":"summary_large_image","twitter_misc":{"Verfasst von":"Andreas Jecklin","Gesch\u00e4tzte Lesezeit":"4\u00a0Minuten"},"schema":{"@context":"https:\/\/schema.org","@graph":[{"@type":"Article","@id":"http:\/\/www.vitalibera.org\/community\/2026\/07\/17\/gangunsicherheit-im-alltag-nach-hirnverletzung-foerdern-ein-praxisleitfaden-fuer-angehoerige\/#article","isPartOf":{"@id":"http:\/\/www.vitalibera.org\/community\/2026\/07\/17\/gangunsicherheit-im-alltag-nach-hirnverletzung-foerdern-ein-praxisleitfaden-fuer-angehoerige\/"},"author":{"name":"Andreas Jecklin","@id":"https:\/\/www.vitalibera.org\/community\/#\/schema\/person\/6712387298421f222ff6d0a2e22c1534"},"headline":"Gangunsicherheit im Alltag nach Hirnverletzung f\u00f6rdern \u2013 Ein Praxisleitfaden f\u00fcr Angeh\u00f6rige","datePublished":"2026-07-17T13:43:31+00:00","dateModified":"2026-07-19T19:11:59+00:00","mainEntityOfPage":{"@id":"http:\/\/www.vitalibera.org\/community\/2026\/07\/17\/gangunsicherheit-im-alltag-nach-hirnverletzung-foerdern-ein-praxisleitfaden-fuer-angehoerige\/"},"wordCount":589,"publisher":{"@id":"https:\/\/www.vitalibera.org\/community\/#organization"},"image":{"@id":"http:\/\/www.vitalibera.org\/community\/2026\/07\/17\/gangunsicherheit-im-alltag-nach-hirnverletzung-foerdern-ein-praxisleitfaden-fuer-angehoerige\/#primaryimage"},"thumbnailUrl":"https:\/\/www.vitalibera.org\/community\/wp-content\/uploads\/2026\/07\/gangunsicherheit4127.png","keywords":["alltag","ambulant","eigentraining","pflege"],"articleSection":["Physiotherapie"],"inLanguage":"de"},{"@type":"WebPage","@id":"http:\/\/www.vitalibera.org\/community\/2026\/07\/17\/gangunsicherheit-im-alltag-nach-hirnverletzung-foerdern-ein-praxisleitfaden-fuer-angehoerige\/","url":"http:\/\/www.vitalibera.org\/community\/2026\/07\/17\/gangunsicherheit-im-alltag-nach-hirnverletzung-foerdern-ein-praxisleitfaden-fuer-angehoerige\/","name":"Gangunsicherheit im Alltag nach Hirnverletzung f\u00f6rdern \u2013 Ein Praxisleitfaden f\u00fcr Angeh\u00f6rige - vitalibera.org","isPartOf":{"@id":"https:\/\/www.vitalibera.org\/community\/#website"},"primaryImageOfPage":{"@id":"http:\/\/www.vitalibera.org\/community\/2026\/07\/17\/gangunsicherheit-im-alltag-nach-hirnverletzung-foerdern-ein-praxisleitfaden-fuer-angehoerige\/#primaryimage"},"image":{"@id":"http:\/\/www.vitalibera.org\/community\/2026\/07\/17\/gangunsicherheit-im-alltag-nach-hirnverletzung-foerdern-ein-praxisleitfaden-fuer-angehoerige\/#primaryimage"},"thumbnailUrl":"https:\/\/www.vitalibera.org\/community\/wp-content\/uploads\/2026\/07\/gangunsicherheit4127.png","datePublished":"2026-07-17T13:43:31+00:00","dateModified":"2026-07-19T19:11:59+00:00","breadcrumb":{"@id":"http:\/\/www.vitalibera.org\/community\/2026\/07\/17\/gangunsicherheit-im-alltag-nach-hirnverletzung-foerdern-ein-praxisleitfaden-fuer-angehoerige\/#breadcrumb"},"inLanguage":"de","potentialAction":[{"@type":"ReadAction","target":["http:\/\/www.vitalibera.org\/community\/2026\/07\/17\/gangunsicherheit-im-alltag-nach-hirnverletzung-foerdern-ein-praxisleitfaden-fuer-angehoerige\/"]}]},{"@type":"BreadcrumbList","@id":"http:\/\/www.vitalibera.org\/community\/2026\/07\/17\/gangunsicherheit-im-alltag-nach-hirnverletzung-foerdern-ein-praxisleitfaden-fuer-angehoerige\/#breadcrumb","itemListElement":[{"@type":"ListItem","position":1,"name":"Startseite","item":"https:\/\/www.vitalibera.org\/community\/"},{"@type":"ListItem","position":2,"name":"Gangunsicherheit im Alltag nach Hirnverletzung f\u00f6rdern \u2013 Ein Praxisleitfaden f\u00fcr Angeh\u00f6rige"}]},{"@type":"WebSite","@id":"https:\/\/www.vitalibera.org\/community\/#website","url":"https:\/\/www.vitalibera.org\/community\/","name":"vitalibera.org","description":"Mit einer Einschr&auml;nkung gestaltet sich das Leben im Alltag oft schwieriger - hier berichten wir &uuml;ber unsere Erfahrungen und Hilfsmittel um den Alltag so unbeschwert und unkompliziert wie nur m&ouml;glich geniessen zu k&ouml;nnen. Dabei richten wir unseren Fokus gezielt auf Selbst&auml;ndigkeit, Eigenst&auml;ndigkeit und Selbstbestimmung.","publisher":{"@id":"https:\/\/www.vitalibera.org\/community\/#organization"},"potentialAction":[{"@type":"SearchAction","target":{"@type":"EntryPoint","urlTemplate":"https:\/\/www.vitalibera.org\/community\/?s={search_term_string}"},"query-input":{"@type":"PropertyValueSpecification","valueRequired":true,"valueName":"search_term_string"}}],"inLanguage":"de"},{"@type":"Organization","@id":"https:\/\/www.vitalibera.org\/community\/#organization","name":"vitalibera.org","url":"https:\/\/www.vitalibera.org\/community\/","logo":{"@type":"ImageObject","inLanguage":"de","@id":"https:\/\/www.vitalibera.org\/community\/#\/schema\/logo\/image\/","url":"https:\/\/www.vitalibera.org\/community\/wp-content\/uploads\/2025\/09\/cropped-banner.png","contentUrl":"https:\/\/www.vitalibera.org\/community\/wp-content\/uploads\/2025\/09\/cropped-banner.png","width":991,"height":150,"caption":"vitalibera.org"},"image":{"@id":"https:\/\/www.vitalibera.org\/community\/#\/schema\/logo\/image\/"},"sameAs":["https:\/\/www.facebook.com\/groups\/2997085857140235"]},{"@type":"Person","@id":"https:\/\/www.vitalibera.org\/community\/#\/schema\/person\/6712387298421f222ff6d0a2e22c1534","name":"Andreas Jecklin","image":{"@type":"ImageObject","inLanguage":"de","@id":"https:\/\/secure.gravatar.com\/avatar\/ad516503a11cd5ca435acc9bb6523536?s=96","url":"https:\/\/secure.gravatar.com\/avatar\/ad516503a11cd5ca435acc9bb6523536?s=96","contentUrl":"https:\/\/secure.gravatar.com\/avatar\/ad516503a11cd5ca435acc9bb6523536?s=96","caption":"Andreas Jecklin"},"description":"Manchen gab Gott die Kraft Dinge zu ver\u00e4ndern, mir gab er die Kraft zu ertragen was nicht mehr zu \u00e4ndern ist.","url":"https:\/\/www.vitalibera.org\/community\/author\/andy77\/"}]}},"jetpack_publicize_connections":[],"jetpack_sharing_enabled":true,"jetpack-related-posts":[{"id":7786,"url":"https:\/\/www.vitalibera.org\/community\/2026\/06\/06\/wenn-das-zuhause-fehlt-wohnen-nach-der-akutrehabilitation\/","url_meta":{"origin":8621,"position":0},"title":"Wenn das Zuhause fehlt \u2013 Wohnen nach der Akutrehabilitation","author":"Andreas Jecklin","date":"6 Juni, 2026","format":false,"excerpt":"Wenn w\u00e4hrend der Akutrehabilitation die bisherige Wohnung aufgegeben wurde, stellt sich nach dem Klinikaufenthalt eine besonders herausfordernde Frage: Wohin als N\u00e4chstes? Neben der medizinischen und therapeutischen Weiterbehandlung r\u00fcckt die Wohn- und Lebenssituation in den Mittelpunkt. Je nach Gesundheitszustand und vorhandener Selbstst\u00e4ndigkeit m\u00fcssen individuelle L\u00f6sungen gefunden werden \u2013 von betreuten Wohnformen\u2026","rel":"","context":"In &quot;Alltagsnavigation&quot;","block_context":{"text":"Alltagsnavigation","link":"https:\/\/www.vitalibera.org\/community\/category\/beitraege\/eingeschraenkt-im-alltag\/alltagsnavigation\/"},"img":{"alt_text":"","src":"https:\/\/i0.wp.com\/www.vitalibera.org\/community\/wp-content\/uploads\/2026\/06\/obdachlos83555.png?resize=350%2C200&ssl=1","width":350,"height":200},"classes":[]},{"id":8438,"url":"https:\/\/www.vitalibera.org\/community\/2026\/07\/03\/angehoerige-als-wichtige-unterstuetzung-im-alltag-nach-einer-hirnverletzung\/","url_meta":{"origin":8621,"position":1},"title":"Angeh\u00f6rige als wichtige Unterst\u00fctzung im Alltag nach einer Hirnverletzung","author":"Andreas Jecklin","date":"3 Juli, 2026","format":false,"excerpt":"Eine Hirnverletzung durch ein Sch\u00e4del-Hirn-Trauma, einen Schlaganfall oder eine Hirnblutung ver\u00e4ndert den Alltag von Betroffenen und ihren Angeh\u00f6rigen oft schlagartig und grundlegend. K\u00f6rperliche Einschr\u00e4nkungen wie Hemiparese und Gangunsicherheit, aber auch Fatigue, Konzentrationsprobleme, verminderte Belastbarkeit und Reiz\u00fcberflutung k\u00f6nnen die Selbstst\u00e4ndigkeit erheblich beeintr\u00e4chtigen. Angeh\u00f6rige spielen deshalb eine wichtige Rolle im Rehabilitationsprozess. Durch\u2026","rel":"","context":"In &quot;Hilfe f\u00fcr Angeh\u00f6rige&quot;","block_context":{"text":"Hilfe f\u00fcr Angeh\u00f6rige","link":"https:\/\/www.vitalibera.org\/community\/category\/hilfe-fuer-angehoerige\/"},"img":{"alt_text":"","src":"https:\/\/i0.wp.com\/www.vitalibera.org\/community\/wp-content\/uploads\/2026\/07\/angeh051.png?resize=350%2C200&ssl=1","width":350,"height":200},"classes":[]},{"id":7751,"url":"https:\/\/www.vitalibera.org\/community\/2026\/06\/05\/die-bedeutung-von-pluesch-und-stofftieren-in-der-akutphase-einer-hirnverletzung\/","url_meta":{"origin":8621,"position":2},"title":"Die Bedeutung von Pl\u00fcsch- und Stofftieren in der Akutphase einer Hirnverletzung","author":"Andreas Jecklin","date":"5 Juni, 2026","format":false,"excerpt":"Die Akutphase einer Hirnverletzung ist gepr\u00e4gt von komplexen neurologischen und psychischen Ver\u00e4nderungen, die von Bewusstseinsst\u00f6rungen bis hin zu Desorientierung und emotionaler Instabilit\u00e4t reichen. Neben der intensivmedizinischen und pflegerischen Versorgung gewinnt die Gestaltung der Umgebung zunehmend an Bedeutung f\u00fcr den Genesungsprozess. In diesem Kontext r\u00fccken scheinbar einfache Gegenst\u00e4nde wie Pl\u00fcsch- und\u2026","rel":"","context":"In &quot;Hilfe f\u00fcr Angeh\u00f6rige&quot;","block_context":{"text":"Hilfe f\u00fcr Angeh\u00f6rige","link":"https:\/\/www.vitalibera.org\/community\/category\/hilfe-fuer-angehoerige\/"},"img":{"alt_text":"","src":"https:\/\/i0.wp.com\/www.vitalibera.org\/community\/wp-content\/uploads\/2026\/06\/plueschiii2252.png?resize=350%2C200&ssl=1","width":350,"height":200},"classes":[]},{"id":8569,"url":"https:\/\/www.vitalibera.org\/community\/2026\/07\/14\/pflegedienste\/","url_meta":{"origin":8621,"position":3},"title":"Pflegedienste &#8211; Wie du die Pflege zu Hause aktiv und selbstbestimmt gestaltest","author":"Heidi","date":"14 Juli, 2026","format":false,"excerpt":"Nach einer Hirnverletzung stehen Betroffene und ihre Angeh\u00f6rigen h\u00e4ufig vor neuen Herausforderungen im Alltag. Viele w\u00fcnschen sich, so lange wie m\u00f6glich in der vertrauten h\u00e4uslichen Umgebung zu leben und dabei ihre Selbstst\u00e4ndigkeit zu bewahren und gezielt zu F\u00f6rdern. Ein ambulanter Pflegedienst kann dabei eine wertvolle Unterst\u00fctzung sein. Entscheidend ist jedoch,\u2026","rel":"","context":"In &quot;Alltagsnavigation&quot;","block_context":{"text":"Alltagsnavigation","link":"https:\/\/www.vitalibera.org\/community\/category\/beitraege\/eingeschraenkt-im-alltag\/alltagsnavigation\/"},"img":{"alt_text":"","src":"https:\/\/i0.wp.com\/www.vitalibera.org\/community\/wp-content\/uploads\/2026\/07\/ambulantepflege123.png?resize=350%2C200&ssl=1","width":350,"height":200},"classes":[]},{"id":7710,"url":"https:\/\/www.vitalibera.org\/community\/2026\/06\/02\/zurueck-in-die-kueche-trotz-neurologischer-beeintraechtigung\/","url_meta":{"origin":8621,"position":4},"title":"Zur\u00fcck in die K\u00fcche \u2013 trotz neurologischer Beeintr\u00e4chtigung","author":"Andreas Jecklin","date":"2 Juni, 2026","format":false,"excerpt":"Nach einer Hirnverletzung ver\u00e4ndert sich das Leben oft grundlegend. F\u00e4higkeiten, die fr\u00fcher selbstverst\u00e4ndlich waren, k\u00f6nnen pl\u00f6tzlich zur Herausforderung werden \u2013 dazu geh\u00f6rt auch das Kochen. T\u00e4tigkeiten wie Planen, Erinnern von Rezeptschritten oder das gleichzeitige Zubereiten mehrerer Speisen erfordern komplexe kognitive Prozesse, die durch eine Hirnverletzung beeintr\u00e4chtigt sein k\u00f6nnen. Gleichzeitig ist\u2026","rel":"","context":"In &quot;Kochen&quot;","block_context":{"text":"Kochen","link":"https:\/\/www.vitalibera.org\/community\/category\/beitraege\/eingeschraenkt-im-alltag\/alltag\/kochen\/"},"img":{"alt_text":"","src":"https:\/\/i0.wp.com\/www.vitalibera.org\/community\/wp-content\/uploads\/2026\/06\/koch50.png?resize=350%2C200&ssl=1","width":350,"height":200},"classes":[]},{"id":8624,"url":"https:\/\/www.vitalibera.org\/community\/2026\/07\/17\/als-angehoeriger-selbstvertrauen-und-wille-des-betroffenen-nach-hirnverletzung-aktiv-foerdern\/","url_meta":{"origin":8621,"position":5},"title":"Als Angeh\u00f6riger Selbstvertrauen und Wille des Betroffenen nach Hirnverletzung aktiv f\u00f6rdern","author":"Andreas Jecklin","date":"17 Juli, 2026","format":false,"excerpt":"Nach einer Hirnverletzung, einem Schlaganfall, einer Hirnblutung oder einem Sch\u00e4del-Hirn-Trauma stehen Betroffene oft vor gro\u00dfen Herausforderungen. Neben k\u00f6rperlichen Einschr\u00e4nkungen wie Hemiparese, Gangunsicherheit oder Fatigue verlieren viele Menschen auch das Vertrauen in den eigenen K\u00f6rper und ihre F\u00e4higkeiten. Aufgaben, die fr\u00fcher selbstverst\u00e4ndlich waren, erfordern pl\u00f6tzlich Mut, Geduld und gro\u00dfe Anstrengung. Als\u2026","rel":"","context":"In &quot;Hilfe f\u00fcr Angeh\u00f6rige&quot;","block_context":{"text":"Hilfe f\u00fcr Angeh\u00f6rige","link":"https:\/\/www.vitalibera.org\/community\/category\/hilfe-fuer-angehoerige\/"},"img":{"alt_text":"","src":"https:\/\/i0.wp.com\/www.vitalibera.org\/community\/wp-content\/uploads\/2026\/07\/selbstvertrauen60808.png?resize=350%2C200&ssl=1","width":350,"height":200},"classes":[]}],"jetpack_featured_media_url":"https:\/\/www.vitalibera.org\/community\/wp-content\/uploads\/2026\/07\/gangunsicherheit4127.png","_links":{"self":[{"href":"https:\/\/www.vitalibera.org\/community\/wp-json\/wp\/v2\/posts\/8621","targetHints":{"allow":["GET"]}}],"collection":[{"href":"https:\/\/www.vitalibera.org\/community\/wp-json\/wp\/v2\/posts"}],"about":[{"href":"https:\/\/www.vitalibera.org\/community\/wp-json\/wp\/v2\/types\/post"}],"author":[{"embeddable":true,"href":"https:\/\/www.vitalibera.org\/community\/wp-json\/wp\/v2\/users\/2"}],"replies":[{"embeddable":true,"href":"https:\/\/www.vitalibera.org\/community\/wp-json\/wp\/v2\/comments?post=8621"}],"version-history":[{"count":2,"href":"https:\/\/www.vitalibera.org\/community\/wp-json\/wp\/v2\/posts\/8621\/revisions"}],"predecessor-version":[{"id":8660,"href":"https:\/\/www.vitalibera.org\/community\/wp-json\/wp\/v2\/posts\/8621\/revisions\/8660"}],"wp:featuredmedia":[{"embeddable":true,"href":"https:\/\/www.vitalibera.org\/community\/wp-json\/wp\/v2\/media\/8622"}],"wp:attachment":[{"href":"https:\/\/www.vitalibera.org\/community\/wp-json\/wp\/v2\/media?parent=8621"}],"wp:term":[{"taxonomy":"category","embeddable":true,"href":"https:\/\/www.vitalibera.org\/community\/wp-json\/wp\/v2\/categories?post=8621"},{"taxonomy":"post_tag","embeddable":true,"href":"https:\/\/www.vitalibera.org\/community\/wp-json\/wp\/v2\/tags?post=8621"}],"curies":[{"name":"wp","href":"https:\/\/api.w.org\/{rel}","templated":true}]}}