{"id":9415,"date":"2026-09-01T22:45:35","date_gmt":"2026-09-01T20:45:35","guid":{"rendered":"https:\/\/www.vitalibera.org\/community\/?p=9415"},"modified":"2026-09-01T22:48:14","modified_gmt":"2026-09-01T20:48:14","slug":"einhaendiges-schaelen-von-obst-und-fruechten-bei-hemiparese-nach-hirnverletzung","status":"publish","type":"post","link":"https:\/\/www.vitalibera.org\/community\/2026\/09\/01\/einhaendiges-schaelen-von-obst-und-fruechten-bei-hemiparese-nach-hirnverletzung\/","title":{"rendered":"Einh\u00e4ndiges Sch\u00e4len von Obst und Fr\u00fcchten bei Hemiparese nach Hirnverletzung"},"content":{"rendered":"\n<div class=\"wp-block-media-text is-stacked-on-mobile is-vertically-aligned-top\"><figure class=\"wp-block-media-text__media\"><img decoding=\"async\" width=\"220\" height=\"147\" src=\"https:\/\/www.vitalibera.org\/community\/wp-content\/uploads\/2026\/09\/schaelen224338.png\" alt=\"\" class=\"wp-image-9416 size-full\"><\/figure><div class=\"wp-block-media-text__content\">\n<p>Nach einer <a href=\"https:\/\/www.vitalibera.org\/community\/enzyklopaedie\/hirnverletzung\/\" target=\"_self\" title=\"Eine Hirnverletzung (oft als&nbsp;Sch&auml;del-Hirn-Trauma, SHT) ist eine&nbsp;Sch&auml;digung des Gehirns, verursacht durch &auml;u&szlig;ere Gewalteinwirkung (Unfall, Sturz) oder innere Faktoren (Schlaganfall, Tumor). Sie f&uuml;hrt zu k&ouml;rperlichen, kognitiven und verhaltensbezogenen Einschr&auml;nkungen, die oft unsichtbar bleiben. Symptome reichen von Kopfschmerzen bis zu schweren Behinderungen. Wichtige Aspekte der Hirnverletzung: Ursachen:&nbsp;H&auml;ufig durch Schlaganf&auml;lle, Hirnblutungen, Sauerstoffmangel oder St&uuml;rze\/Verkehrsunf&auml;lle (Sch&auml;del-Hirn-Trauma). Formen (SHT):&nbsp;Unterscheidung in&hellip;\" class=\"encyclopedia\">Hirnverletzung<\/a> mit <strong><a href=\"https:\/\/www.vitalibera.org\/community\/enzyklopaedie\/hemiparese\/\" target=\"_self\" title=\"Eine Hemiparese ist eine&nbsp;L&auml;hmung einer K&ouml;rperh&auml;lfte, bei der noch eine Restaktivit&auml;t vorhanden sein kann. Eine Hemiparese entsteht durch Sch&auml;digungen im Gehirn, wie bei einem Schlaganfall oder durch einen Unfall. Es kommt zu einer Verminderung der Kraft in Gesicht, Arm und Bein in einer K&ouml;rperh&auml;lfte.\" class=\"encyclopedia\">Hemiparese<\/a><\/strong> kann das Sch&auml;len von Obst wie Orangen, Mandarinen, Bananen oder &Auml;pfeln schnell zu einer allt&auml;glichen H&uuml;rde werden. <\/p>\n\n\n\n<p>Feinmotorik, Kraft und Stabilit&auml;t sind eingeschr&auml;nkt &ndash; doch mit einfachen Techniken und kleinen Hilfsmitteln l&auml;sst sich das Sch&auml;len <strong>einh&auml;ndig, sicher und stressfrei<\/strong> bew&auml;ltigen.<\/p>\n\n\n\n<p>Im <a href=\"https:\/\/www.vitalibera.org\/community\/2026\/04\/30\/lapstacker-transport-gurtsystem-fuer-rollstuehle\/\"><font color=\"blue\"><img src=\"https:\/\/www.vitalibera.org\/community\/wp-content\/images\/link.png\" width=\"20\" height=\"20\"><u>Alltag<\/u><\/font><\/a> geht es nicht darum, komplizierte &Uuml;bungen zu meistern, sondern um <strong>praktische Erleichterungen<\/strong>, die sofort funktionieren: Obst stabilisieren, Werkzeuge mit gro&szlig;em Griff nutzen oder Fr&uuml;chte w&auml;hlen, die sich leicht &ouml;ffnen lassen. So bleibt der Genuss erhalten, ohne dass die Zubereitung zur Belastung wird.<\/p>\n<\/div><\/div>\n\n\n\n<h5 class=\"wp-block-heading\"><strong>Schritt&#8209;f&uuml;r&#8209;Schritt&#8209;Alltagsstrategie: Obst einh&auml;ndig sch&auml;len bei Hemiparese<\/strong><\/h5>\n\n\n\n<h6 class=\"wp-block-heading\"><strong>1. Umgebung vorbereiten<\/strong><\/h6>\n\n\n\n<ul class=\"wp-block-list\">\n<li><strong>Unterlage:<\/strong>\n<ul class=\"wp-block-list\">\n<li><strong>Rutschfestes Schneidebrett<\/strong> oder <strong>Antirutsch&#8209;Matte<\/strong> auf den Tisch legen.<\/li>\n<\/ul>\n<\/li>\n\n\n\n<li><strong>Sitzposition:<\/strong>\n<ul class=\"wp-block-list\">\n<li><strong>Im Sitzen<\/strong> arbeiten, F&uuml;&szlig;e stabil am Boden, Oberk&ouml;rper ruhig.<\/li>\n<\/ul>\n<\/li>\n<\/ul>\n\n\n\n<h6 class=\"wp-block-heading\"><strong>2. Obst stabilisieren<\/strong><\/h6>\n\n\n\n<ul class=\"wp-block-list\">\n<li><strong>Frucht auf die Unterlage legen:<\/strong>\n<ul class=\"wp-block-list\">\n<li>Nicht in der <a href=\"https:\/\/www.vitalibera.org\/community\/2026\/08\/10\/fes-und-tens-bei-spastik-und-geschlossener-hand-orientierung-nach-hirnverletzung\/\"><font color=\"blue\"><img src=\"https:\/\/www.vitalibera.org\/community\/wp-content\/images\/link.png\" width=\"20\" height=\"20\"><u>Hand<\/u><\/font><\/a> halten, sondern <strong>liegen lassen<\/strong>, damit du nur mit der gesunden Hand arbeiten musst.<\/li>\n<\/ul>\n<\/li>\n\n\n\n<li><strong>Bei runden Fr&uuml;chten (Orange, Mandarine, Apfel):<\/strong>\n<ul class=\"wp-block-list\">\n<li>Frucht <strong>leicht &uuml;ber die Unterlage rollen<\/strong>, um die Schale zu lockern &ndash; das erleichtert sp&auml;ter das Sch&auml;len.<\/li>\n<\/ul>\n<\/li>\n<\/ul>\n\n\n\n<h6 class=\"wp-block-heading\"><strong>3. Werkzeug w&auml;hlen (je nach Frucht)<\/strong><\/h6>\n\n\n\n<ul class=\"wp-block-list\">\n<li><strong>Banane \/ Mandarine \/ Orange:<\/strong>\n<ul class=\"wp-block-list\">\n<li><strong>Ohne Messer<\/strong>, nur mit Fingernagel oder stumpfem Messer zum Anritzen.<\/li>\n<\/ul>\n<\/li>\n\n\n\n<li><strong>Apfel \/ harte Fr&uuml;chte:<\/strong>\n<ul class=\"wp-block-list\">\n<li><strong>Sch&auml;ler mit gro&szlig;em Griff<\/strong> oder rutschfestem Griffgummi.<\/li>\n<\/ul>\n<\/li>\n\n\n\n<li><strong>Zitrone \/ Kiwi:<\/strong>\n<ul class=\"wp-block-list\">\n<li><strong>Messer + L&ouml;ffel<\/strong> &ndash; halbieren und ausl&ouml;ffeln oder auspressen statt sch&auml;len.<\/li>\n<\/ul>\n<\/li>\n<\/ul>\n\n\n\n<h6 class=\"wp-block-heading\"><strong>4. Einstieg in die Schale<\/strong><\/h6>\n\n\n\n<ul class=\"wp-block-list\">\n<li><strong>Banane:<\/strong>\n<ul class=\"wp-block-list\">\n<li>Oben mit der gesunden Hand leicht knicken, dann die Schale nach unten abziehen.<\/li>\n<\/ul>\n<\/li>\n\n\n\n<li><strong>Mandarine \/ Orange:<\/strong>\n<ul class=\"wp-block-list\">\n<li>Mit Fingernagel oder stumpfem Messer <strong>eine kleine Stelle anritzen<\/strong>, bis die Schale aufgeht.<\/li>\n<\/ul>\n<\/li>\n\n\n\n<li><strong>Apfel:<\/strong>\n<ul class=\"wp-block-list\">\n<li>Sch&auml;ler ansetzen, Frucht bleibt liegen, du f&uuml;hrst nur das <a href=\"https:\/\/www.vitalibera.org\/community\/2026\/08\/25\/clever-umfunktioniert-alltagswerkzeuge-als-einhand-helfer-nach-einer-hirnverletzung\/\"><font color=\"blue\"><img src=\"https:\/\/www.vitalibera.org\/community\/wp-content\/images\/link.png\" width=\"20\" height=\"20\"><u>Werkzeug<\/u><\/font><\/a>.<\/li>\n<\/ul>\n<\/li>\n<\/ul>\n\n\n\n<h6 class=\"wp-block-heading\"><strong>5. Sch&auml;len &ndash; immer vom K&ouml;rper weg<\/strong><\/h6>\n\n\n\n<ul class=\"wp-block-list\">\n<li><strong>Bewegungsrichtung:<\/strong>\n<ul class=\"wp-block-list\">\n<li>Sch&auml;lbewegung <strong>immer vom K&ouml;rper weg<\/strong>, nicht zu dir hin.<\/li>\n<\/ul>\n<\/li>\n\n\n\n<li><strong>Tempo:<\/strong>\n<ul class=\"wp-block-list\">\n<li><strong>Langsam und gleichm&auml;&szlig;ig<\/strong>, lieber mehrere kleine St&uuml;cke als gro&szlig;e, ruckartige Bewegungen.<\/li>\n<\/ul>\n<\/li>\n\n\n\n<li><strong>St&uuml;ck f&uuml;r St&uuml;ck:<\/strong>\n<ul class=\"wp-block-list\">\n<li>Schale in kleinen Segmenten abziehen, Frucht bleibt die ganze Zeit auf der Unterlage.<\/li>\n<\/ul>\n<\/li>\n<\/ul>\n\n\n\n<h6 class=\"wp-block-heading\"><strong>6. Abfall und Ordnung<\/strong><\/h6>\n\n\n\n<ul class=\"wp-block-list\">\n<li><strong>Schale direkt in eine Sch&uuml;ssel oder auf einen Teller legen<\/strong>, der neben der Unterlage steht.<\/li>\n\n\n\n<li>So bleibt der Arbeitsplatz ruhig und du musst nicht mit der betroffenen Seite nach Dingen <a href=\"https:\/\/www.vitalibera.org\/community\/2026\/07\/31\/hilfsmittel-als-bruecke-zur-selbststaendigkeit-nach-einer-hirnverletzung\/\"><font color=\"blue\"><img src=\"https:\/\/www.vitalibera.org\/community\/wp-content\/images\/link.png\" width=\"20\" height=\"20\"><u>greifen<\/u><\/font><\/a>.<\/li>\n<\/ul>\n\n\n\n<h6 class=\"wp-block-heading\"><strong>7. Auswahl &bdquo;leichter&ldquo; Fr&uuml;chte f&uuml;r den Alltag<\/strong><\/h6>\n\n\n\n<ul class=\"wp-block-list\">\n<li><strong>Eher w&auml;hlen:<\/strong> Banane, Mandarine, Kiwi (halbieren und ausl&ouml;ffeln), Trauben, Beeren.<\/li>\n\n\n\n<li><strong>Nur bei Energie:<\/strong> Orange, Apfel mit Sch&auml;ler, Zitrone zum Auspressen.<\/li>\n<\/ul>\n\n\n\n<h6 class=\"wp-block-heading\"><strong>Frucht liegen lassen, Werkzeug mit einer Hand f&uuml;hren, Bewegung vom K&ouml;rper weg &ndash; dann wird Sch&auml;len zur machbaren Alltagshandlung.<\/strong><\/h6>\n\n\n\n<div class=\"wp-block-media-text is-stacked-on-mobile is-vertically-aligned-top\" style=\"grid-template-columns:27% auto\"><figure class=\"wp-block-media-text__media\"><img fetchpriority=\"high\" decoding=\"async\" width=\"302\" height=\"277\" src=\"http:\/\/www.vitalibera.org\/community\/wp-content\/uploads\/2026\/03\/tip3.png\" alt=\"\" class=\"wp-image-6087 size-full\" srcset=\"https:\/\/www.vitalibera.org\/community\/wp-content\/uploads\/2026\/03\/tip3.png 302w, https:\/\/www.vitalibera.org\/community\/wp-content\/uploads\/2026\/03\/tip3-300x275.png 300w\" sizes=\"(max-width: 302px) 100vw, 302px\" \/><\/figure><div class=\"wp-block-media-text__content\">\n<p><strong>Fixiere die Frucht &ndash; nicht die Hand.<\/strong> Sobald das Obst stabil liegt, wird das Sch&auml;len einh&auml;ndig sofort leichter und sicherer.<\/p>\n\n\n\n<ul class=\"wp-block-list\">\n<li><strong>Banane auf den Tisch legen<\/strong> und oben knicken &ndash; kein Messer n&ouml;tig.<\/li>\n\n\n\n<li><strong>Mandarine\/Orange vorher rollen<\/strong> &ndash; Schale l&ouml;st sich, weniger Kraft.<\/li>\n\n\n\n<li><strong>Kiwi halbieren und ausl&ouml;ffeln<\/strong> statt sch&auml;len.<\/li>\n\n\n\n<li><strong>Rutschfeste Unterlage nutzen<\/strong> &ndash; Frucht bleibt ruhig, du arbeitest entspannt.<\/li>\n\n\n\n<li><strong>Sch&auml;ler mit gro&szlig;em Griff<\/strong> f&uuml;r Apfel &ndash; Werkzeug f&uuml;hrt die <a href=\"https:\/\/www.vitalibera.org\/community\/2026\/08\/24\/alltagstraining-mit-arm-und-bein-hometrainer-nach-hirnverletzung\/\"><font color=\"blue\"><img src=\"https:\/\/www.vitalibera.org\/community\/wp-content\/images\/link.png\" width=\"20\" height=\"20\"><u>Bewegung<\/u><\/font><\/a>, nicht die Hand.<\/li>\n<\/ul>\n\n\n\n<p><strong>Je weniger du die Frucht festhalten musst, desto leichter wird das Sch&auml;len einh&auml;ndig.<\/strong><\/p>\n<\/div><\/div>\n\n\n\n<figure class=\"wp-block-table\"><table class=\"has-fixed-layout\"><thead><tr><th><strong><a href=\"https:\/\/www.vitalibera.org\/community\/2026\/07\/04\/einhandfreundliche-guertel-fuer-menschen-mit-hemiparese\/\"><font color=\"blue\"><img src=\"https:\/\/www.vitalibera.org\/community\/wp-content\/images\/link.png\" width=\"20\" height=\"20\"><u>Hilfsmittel<\/u><\/font><\/a><\/strong><\/th><th><strong>Nutzen<\/strong><\/th><th><strong>Pro<\/strong><\/th><th><strong>Contra<\/strong><\/th><\/tr><\/thead><tbody><tr><th><strong>Rutschfeste Unterlage<\/strong><\/th><td>Stabilisiert Obst, verhindert Wegrollen<\/td><td>Sehr sicher, g&uuml;nstig<\/td><td>Muss mitgenommen werden<\/td><\/tr><tr><th><strong>Schneidebrett mit Rand<\/strong><\/th><td>Fixiert runde Fr&uuml;chte<\/td><td>Ideal f&uuml;r Orangen\/&Auml;pfel<\/td><td>Nur f&uuml;r Zuhause<\/td><\/tr><tr><th><strong>Einhand&#8209;Sch&auml;ler mit gro&szlig;em Griff<\/strong><\/th><td>Erleichtert Apfelsch&auml;len<\/td><td>Gute Kontrolle<\/td><td>Nicht f&uuml;r weiche Fr&uuml;chte<\/td><\/tr><tr><th><strong>Stumpfes Messer mit Griffgummi<\/strong><\/th><td>Sicheres Anritzen von Orange\/Mandarine<\/td><td>Wenig Kraft n&ouml;tig<\/td><td>Messer erfordert Vorsicht<\/td><\/tr><tr><th><strong>Obsthalter mit Saugnapf<\/strong><\/th><td>Fixiert Obst vollst&auml;ndig<\/td><td>Sehr stabil<\/td><td>Ger&auml;t etwas sperrig<\/td><\/tr><tr><th><strong>Einhand&#8209;Zitronenpresse<\/strong><\/th><td>Kein Sch&auml;len n&ouml;tig<\/td><td>Schnell, sauber<\/td><td>Nur f&uuml;r Saft<\/td><\/tr><tr><th><strong>L&ouml;ffel zum Ausl&ouml;ffeln<\/strong><\/th><td>Kiwi\/Zitrone ohne Sch&auml;len<\/td><td>Sehr einfach<\/td><td>Nur f&uuml;r bestimmte Fr&uuml;chte<\/td><\/tr><tr><th><strong>Sch&auml;lhilfe&#8209;Ring<\/strong><\/th><td>Erleichtert das Abziehen der Schale<\/td><td>Klein, transportabel<\/td><td>Nicht f&uuml;r harte Schalen<\/td><\/tr><\/tbody><\/table><\/figure>\n\n\n\n<p><strong>Je stabiler die Frucht liegt, desto leichter wird das Sch&auml;len einh&auml;ndig &ndash; Fixierung ist wichtiger als Kraft.<\/strong><\/p>\n","protected":false},"excerpt":{"rendered":"<p>Nach einer Hirnverletzung mit Hemiparese kann das Sch\u00e4len von Obst wie Orangen, Mandarinen, Bananen oder \u00c4pfeln schnell zu einer allt\u00e4glichen H\u00fcrde werden. <\/p>\n<p>Feinmotorik, Kraft und Stabilit\u00e4t sind eingeschr\u00e4nkt \u2013 doch mit einfachen Techniken und kleinen Hilfsmitteln l\u00e4sst sich das Sch\u00e4len einh\u00e4ndig, sicher und stressfrei bew\u00e4ltigen.<\/p>\n","protected":false},"author":2,"featured_media":9416,"comment_status":"open","ping_status":"open","sticky":false,"template":"","format":"standard","meta":{"cybocfi_hide_featured_image":"yes","_jetpack_newsletter_access":"","_jetpack_dont_email_post_to_subs":false,"_jetpack_newsletter_tier_id":0,"_jetpack_memberships_contains_paywalled_content":false,"_jetpack_feature_clip_id":0,"_jetpack_memberships_contains_paid_content":false,"footnotes":"","jetpack_publicize_message":"","jetpack_publicize_feature_enabled":true,"jetpack_social_post_already_shared":false,"jetpack_social_options":{"image_generator_settings":{"template":"highway","default_image_id":0,"font":"","enabled":false},"version":2},"jetpack_post_was_ever_published":false},"categories":[161],"tags":[],"class_list":["post-9415","post","type-post","status-publish","format-standard","has-post-thumbnail","hentry","category-kochen"],"yoast_head":"<!-- This site is optimized with the Yoast SEO plugin v28.2 - https:\/\/yoast.com\/product\/yoast-seo-wordpress\/ -->\r\n<title>Einh\u00e4ndiges Sch\u00e4len von Obst und Fr\u00fcchten bei Hemiparese nach Hirnverletzung - vitalibera.org<\/title>\r\n<meta name=\"robots\" content=\"index, follow, max-snippet:-1, max-image-preview:large, max-video-preview:-1\" \/>\r\n<link rel=\"canonical\" href=\"https:\/\/www.vitalibera.org\/community\/2026\/09\/01\/einhaendiges-schaelen-von-obst-und-fruechten-bei-hemiparese-nach-hirnverletzung\/\" \/>\r\n<meta property=\"og:locale\" content=\"de_DE\" \/>\r\n<meta property=\"og:type\" content=\"article\" \/>\r\n<meta property=\"og:title\" content=\"Einh\u00e4ndiges Sch\u00e4len von Obst und Fr\u00fcchten bei Hemiparese nach Hirnverletzung - vitalibera.org\" \/>\r\n<meta property=\"og:description\" content=\"Nach einer Hirnverletzung mit Hemiparese kann das Sch\u00e4len von Obst wie Orangen, Mandarinen, Bananen oder \u00c4pfeln schnell zu einer allt\u00e4glichen H\u00fcrde werden.  Feinmotorik, Kraft und Stabilit\u00e4t sind eingeschr\u00e4nkt \u2013 doch mit einfachen Techniken und kleinen Hilfsmitteln l\u00e4sst sich das Sch\u00e4len einh\u00e4ndig, sicher und stressfrei bew\u00e4ltigen.\" \/>\r\n<meta property=\"og:url\" content=\"https:\/\/www.vitalibera.org\/community\/2026\/09\/01\/einhaendiges-schaelen-von-obst-und-fruechten-bei-hemiparese-nach-hirnverletzung\/\" \/>\r\n<meta property=\"og:site_name\" content=\"vitalibera.org\" \/>\r\n<meta property=\"article:publisher\" content=\"https:\/\/www.facebook.com\/groups\/2997085857140235\" \/>\r\n<meta property=\"article:published_time\" content=\"2026-09-01T20:45:35+00:00\" \/>\r\n<meta property=\"article:modified_time\" content=\"2026-09-01T20:48:14+00:00\" \/>\r\n<meta property=\"og:image\" content=\"http:\/\/www.vitalibera.org\/community\/wp-content\/uploads\/2026\/09\/schaelen224338.png\" \/>\r\n\t<meta property=\"og:image:width\" content=\"220\" \/>\r\n\t<meta property=\"og:image:height\" content=\"147\" \/>\r\n\t<meta property=\"og:image:type\" content=\"image\/png\" \/>\r\n<meta name=\"author\" content=\"Andreas Jecklin\" \/>\r\n<meta name=\"twitter:card\" content=\"summary_large_image\" \/>\r\n<meta name=\"twitter:label1\" content=\"Verfasst von\" \/>\n\t<meta name=\"twitter:data1\" content=\"Andreas Jecklin\" \/>\n\t<meta name=\"twitter:label2\" content=\"Gesch\u00e4tzte Lesezeit\" \/>\n\t<meta name=\"twitter:data2\" content=\"4\u00a0Minuten\" \/>\r\n<script type=\"application\/ld+json\" class=\"yoast-schema-graph\">{\"@context\":\"https:\\\/\\\/schema.org\",\"@graph\":[{\"@type\":\"Article\",\"@id\":\"https:\\\/\\\/www.vitalibera.org\\\/community\\\/2026\\\/09\\\/01\\\/einhaendiges-schaelen-von-obst-und-fruechten-bei-hemiparese-nach-hirnverletzung\\\/#article\",\"isPartOf\":{\"@id\":\"https:\\\/\\\/www.vitalibera.org\\\/community\\\/2026\\\/09\\\/01\\\/einhaendiges-schaelen-von-obst-und-fruechten-bei-hemiparese-nach-hirnverletzung\\\/\"},\"author\":{\"name\":\"Andreas Jecklin\",\"@id\":\"https:\\\/\\\/www.vitalibera.org\\\/community\\\/#\\\/schema\\\/person\\\/6712387298421f222ff6d0a2e22c1534\"},\"headline\":\"Einh\u00e4ndiges Sch\u00e4len von Obst und Fr\u00fcchten bei Hemiparese nach Hirnverletzung\",\"datePublished\":\"2026-09-01T20:45:35+00:00\",\"dateModified\":\"2026-09-01T20:48:14+00:00\",\"mainEntityOfPage\":{\"@id\":\"https:\\\/\\\/www.vitalibera.org\\\/community\\\/2026\\\/09\\\/01\\\/einhaendiges-schaelen-von-obst-und-fruechten-bei-hemiparese-nach-hirnverletzung\\\/\"},\"wordCount\":666,\"commentCount\":0,\"publisher\":{\"@id\":\"https:\\\/\\\/www.vitalibera.org\\\/community\\\/#organization\"},\"image\":{\"@id\":\"https:\\\/\\\/www.vitalibera.org\\\/community\\\/2026\\\/09\\\/01\\\/einhaendiges-schaelen-von-obst-und-fruechten-bei-hemiparese-nach-hirnverletzung\\\/#primaryimage\"},\"thumbnailUrl\":\"https:\\\/\\\/www.vitalibera.org\\\/community\\\/wp-content\\\/uploads\\\/2026\\\/09\\\/schaelen224338.png\",\"articleSection\":[\"Kochen\"],\"inLanguage\":\"de\",\"potentialAction\":[{\"@type\":\"CommentAction\",\"name\":\"Comment\",\"target\":[\"https:\\\/\\\/www.vitalibera.org\\\/community\\\/2026\\\/09\\\/01\\\/einhaendiges-schaelen-von-obst-und-fruechten-bei-hemiparese-nach-hirnverletzung\\\/#respond\"]}]},{\"@type\":\"WebPage\",\"@id\":\"https:\\\/\\\/www.vitalibera.org\\\/community\\\/2026\\\/09\\\/01\\\/einhaendiges-schaelen-von-obst-und-fruechten-bei-hemiparese-nach-hirnverletzung\\\/\",\"url\":\"https:\\\/\\\/www.vitalibera.org\\\/community\\\/2026\\\/09\\\/01\\\/einhaendiges-schaelen-von-obst-und-fruechten-bei-hemiparese-nach-hirnverletzung\\\/\",\"name\":\"Einh\u00e4ndiges Sch\u00e4len von Obst und Fr\u00fcchten bei Hemiparese nach Hirnverletzung - vitalibera.org\",\"isPartOf\":{\"@id\":\"https:\\\/\\\/www.vitalibera.org\\\/community\\\/#website\"},\"primaryImageOfPage\":{\"@id\":\"https:\\\/\\\/www.vitalibera.org\\\/community\\\/2026\\\/09\\\/01\\\/einhaendiges-schaelen-von-obst-und-fruechten-bei-hemiparese-nach-hirnverletzung\\\/#primaryimage\"},\"image\":{\"@id\":\"https:\\\/\\\/www.vitalibera.org\\\/community\\\/2026\\\/09\\\/01\\\/einhaendiges-schaelen-von-obst-und-fruechten-bei-hemiparese-nach-hirnverletzung\\\/#primaryimage\"},\"thumbnailUrl\":\"https:\\\/\\\/www.vitalibera.org\\\/community\\\/wp-content\\\/uploads\\\/2026\\\/09\\\/schaelen224338.png\",\"datePublished\":\"2026-09-01T20:45:35+00:00\",\"dateModified\":\"2026-09-01T20:48:14+00:00\",\"breadcrumb\":{\"@id\":\"https:\\\/\\\/www.vitalibera.org\\\/community\\\/2026\\\/09\\\/01\\\/einhaendiges-schaelen-von-obst-und-fruechten-bei-hemiparese-nach-hirnverletzung\\\/#breadcrumb\"},\"inLanguage\":\"de\",\"potentialAction\":[{\"@type\":\"ReadAction\",\"target\":[\"https:\\\/\\\/www.vitalibera.org\\\/community\\\/2026\\\/09\\\/01\\\/einhaendiges-schaelen-von-obst-und-fruechten-bei-hemiparese-nach-hirnverletzung\\\/\"]}]},{\"@type\":\"BreadcrumbList\",\"@id\":\"https:\\\/\\\/www.vitalibera.org\\\/community\\\/2026\\\/09\\\/01\\\/einhaendiges-schaelen-von-obst-und-fruechten-bei-hemiparese-nach-hirnverletzung\\\/#breadcrumb\",\"itemListElement\":[{\"@type\":\"ListItem\",\"position\":1,\"name\":\"Startseite\",\"item\":\"https:\\\/\\\/www.vitalibera.org\\\/community\\\/\"},{\"@type\":\"ListItem\",\"position\":2,\"name\":\"Einh\u00e4ndiges Sch\u00e4len von Obst und Fr\u00fcchten bei Hemiparese nach Hirnverletzung\"}]},{\"@type\":\"WebSite\",\"@id\":\"https:\\\/\\\/www.vitalibera.org\\\/community\\\/#website\",\"url\":\"https:\\\/\\\/www.vitalibera.org\\\/community\\\/\",\"name\":\"vitalibera.org\",\"description\":\"Mit einer Einschr&auml;nkung gestaltet sich das Leben im Alltag oft schwieriger - hier berichten wir &uuml;ber unsere Erfahrungen und Hilfsmittel um den Alltag so unbeschwert und unkompliziert wie nur m&ouml;glich geniessen zu k&ouml;nnen. Dabei richten wir unseren Fokus gezielt auf Selbst&auml;ndigkeit, Eigenst&auml;ndigkeit und Selbstbestimmung.\",\"publisher\":{\"@id\":\"https:\\\/\\\/www.vitalibera.org\\\/community\\\/#organization\"},\"potentialAction\":[{\"@type\":\"SearchAction\",\"target\":{\"@type\":\"EntryPoint\",\"urlTemplate\":\"https:\\\/\\\/www.vitalibera.org\\\/community\\\/?s={search_term_string}\"},\"query-input\":{\"@type\":\"PropertyValueSpecification\",\"valueRequired\":true,\"valueName\":\"search_term_string\"}}],\"inLanguage\":\"de\"},{\"@type\":\"Organization\",\"@id\":\"https:\\\/\\\/www.vitalibera.org\\\/community\\\/#organization\",\"name\":\"vitalibera.org\",\"url\":\"https:\\\/\\\/www.vitalibera.org\\\/community\\\/\",\"logo\":{\"@type\":\"ImageObject\",\"inLanguage\":\"de\",\"@id\":\"https:\\\/\\\/www.vitalibera.org\\\/community\\\/#\\\/schema\\\/logo\\\/image\\\/\",\"url\":\"https:\\\/\\\/www.vitalibera.org\\\/community\\\/wp-content\\\/uploads\\\/2025\\\/09\\\/cropped-banner.png\",\"contentUrl\":\"https:\\\/\\\/www.vitalibera.org\\\/community\\\/wp-content\\\/uploads\\\/2025\\\/09\\\/cropped-banner.png\",\"width\":991,\"height\":150,\"caption\":\"vitalibera.org\"},\"image\":{\"@id\":\"https:\\\/\\\/www.vitalibera.org\\\/community\\\/#\\\/schema\\\/logo\\\/image\\\/\"},\"sameAs\":[\"https:\\\/\\\/www.facebook.com\\\/groups\\\/2997085857140235\"]},{\"@type\":\"Person\",\"@id\":\"https:\\\/\\\/www.vitalibera.org\\\/community\\\/#\\\/schema\\\/person\\\/6712387298421f222ff6d0a2e22c1534\",\"name\":\"Andreas Jecklin\",\"image\":{\"@type\":\"ImageObject\",\"inLanguage\":\"de\",\"@id\":\"https:\\\/\\\/secure.gravatar.com\\\/avatar\\\/ad516503a11cd5ca435acc9bb6523536?s=96\",\"url\":\"https:\\\/\\\/secure.gravatar.com\\\/avatar\\\/ad516503a11cd5ca435acc9bb6523536?s=96\",\"contentUrl\":\"https:\\\/\\\/secure.gravatar.com\\\/avatar\\\/ad516503a11cd5ca435acc9bb6523536?s=96\",\"caption\":\"Andreas Jecklin\"},\"description\":\"Manchen gab Gott die Kraft Dinge zu ver\u00e4ndern, mir gab er die Kraft zu ertragen was nicht mehr zu \u00e4ndern ist.\",\"url\":\"https:\\\/\\\/www.vitalibera.org\\\/community\\\/author\\\/andy77\\\/\"}]}<\/script>\r\n<!-- \/ Yoast SEO plugin. -->","yoast_head_json":{"title":"Einh\u00e4ndiges Sch\u00e4len von Obst und Fr\u00fcchten bei Hemiparese nach Hirnverletzung - vitalibera.org","robots":{"index":"index","follow":"follow","max-snippet":"max-snippet:-1","max-image-preview":"max-image-preview:large","max-video-preview":"max-video-preview:-1"},"canonical":"https:\/\/www.vitalibera.org\/community\/2026\/09\/01\/einhaendiges-schaelen-von-obst-und-fruechten-bei-hemiparese-nach-hirnverletzung\/","og_locale":"de_DE","og_type":"article","og_title":"Einh\u00e4ndiges Sch\u00e4len von Obst und Fr\u00fcchten bei Hemiparese nach Hirnverletzung - vitalibera.org","og_description":"Nach einer Hirnverletzung mit Hemiparese kann das Sch\u00e4len von Obst wie Orangen, Mandarinen, Bananen oder \u00c4pfeln schnell zu einer allt\u00e4glichen H\u00fcrde werden.  Feinmotorik, Kraft und Stabilit\u00e4t sind eingeschr\u00e4nkt \u2013 doch mit einfachen Techniken und kleinen Hilfsmitteln l\u00e4sst sich das Sch\u00e4len einh\u00e4ndig, sicher und stressfrei bew\u00e4ltigen.","og_url":"https:\/\/www.vitalibera.org\/community\/2026\/09\/01\/einhaendiges-schaelen-von-obst-und-fruechten-bei-hemiparese-nach-hirnverletzung\/","og_site_name":"vitalibera.org","article_publisher":"https:\/\/www.facebook.com\/groups\/2997085857140235","article_published_time":"2026-09-01T20:45:35+00:00","article_modified_time":"2026-09-01T20:48:14+00:00","og_image":[{"width":220,"height":147,"url":"http:\/\/www.vitalibera.org\/community\/wp-content\/uploads\/2026\/09\/schaelen224338.png","type":"image\/png"}],"author":"Andreas Jecklin","twitter_card":"summary_large_image","twitter_misc":{"Verfasst von":"Andreas Jecklin","Gesch\u00e4tzte Lesezeit":"4\u00a0Minuten"},"schema":{"@context":"https:\/\/schema.org","@graph":[{"@type":"Article","@id":"https:\/\/www.vitalibera.org\/community\/2026\/09\/01\/einhaendiges-schaelen-von-obst-und-fruechten-bei-hemiparese-nach-hirnverletzung\/#article","isPartOf":{"@id":"https:\/\/www.vitalibera.org\/community\/2026\/09\/01\/einhaendiges-schaelen-von-obst-und-fruechten-bei-hemiparese-nach-hirnverletzung\/"},"author":{"name":"Andreas Jecklin","@id":"https:\/\/www.vitalibera.org\/community\/#\/schema\/person\/6712387298421f222ff6d0a2e22c1534"},"headline":"Einh\u00e4ndiges Sch\u00e4len von Obst und Fr\u00fcchten bei Hemiparese nach Hirnverletzung","datePublished":"2026-09-01T20:45:35+00:00","dateModified":"2026-09-01T20:48:14+00:00","mainEntityOfPage":{"@id":"https:\/\/www.vitalibera.org\/community\/2026\/09\/01\/einhaendiges-schaelen-von-obst-und-fruechten-bei-hemiparese-nach-hirnverletzung\/"},"wordCount":666,"commentCount":0,"publisher":{"@id":"https:\/\/www.vitalibera.org\/community\/#organization"},"image":{"@id":"https:\/\/www.vitalibera.org\/community\/2026\/09\/01\/einhaendiges-schaelen-von-obst-und-fruechten-bei-hemiparese-nach-hirnverletzung\/#primaryimage"},"thumbnailUrl":"https:\/\/www.vitalibera.org\/community\/wp-content\/uploads\/2026\/09\/schaelen224338.png","articleSection":["Kochen"],"inLanguage":"de","potentialAction":[{"@type":"CommentAction","name":"Comment","target":["https:\/\/www.vitalibera.org\/community\/2026\/09\/01\/einhaendiges-schaelen-von-obst-und-fruechten-bei-hemiparese-nach-hirnverletzung\/#respond"]}]},{"@type":"WebPage","@id":"https:\/\/www.vitalibera.org\/community\/2026\/09\/01\/einhaendiges-schaelen-von-obst-und-fruechten-bei-hemiparese-nach-hirnverletzung\/","url":"https:\/\/www.vitalibera.org\/community\/2026\/09\/01\/einhaendiges-schaelen-von-obst-und-fruechten-bei-hemiparese-nach-hirnverletzung\/","name":"Einh\u00e4ndiges Sch\u00e4len von Obst und Fr\u00fcchten bei Hemiparese nach Hirnverletzung - vitalibera.org","isPartOf":{"@id":"https:\/\/www.vitalibera.org\/community\/#website"},"primaryImageOfPage":{"@id":"https:\/\/www.vitalibera.org\/community\/2026\/09\/01\/einhaendiges-schaelen-von-obst-und-fruechten-bei-hemiparese-nach-hirnverletzung\/#primaryimage"},"image":{"@id":"https:\/\/www.vitalibera.org\/community\/2026\/09\/01\/einhaendiges-schaelen-von-obst-und-fruechten-bei-hemiparese-nach-hirnverletzung\/#primaryimage"},"thumbnailUrl":"https:\/\/www.vitalibera.org\/community\/wp-content\/uploads\/2026\/09\/schaelen224338.png","datePublished":"2026-09-01T20:45:35+00:00","dateModified":"2026-09-01T20:48:14+00:00","breadcrumb":{"@id":"https:\/\/www.vitalibera.org\/community\/2026\/09\/01\/einhaendiges-schaelen-von-obst-und-fruechten-bei-hemiparese-nach-hirnverletzung\/#breadcrumb"},"inLanguage":"de","potentialAction":[{"@type":"ReadAction","target":["https:\/\/www.vitalibera.org\/community\/2026\/09\/01\/einhaendiges-schaelen-von-obst-und-fruechten-bei-hemiparese-nach-hirnverletzung\/"]}]},{"@type":"BreadcrumbList","@id":"https:\/\/www.vitalibera.org\/community\/2026\/09\/01\/einhaendiges-schaelen-von-obst-und-fruechten-bei-hemiparese-nach-hirnverletzung\/#breadcrumb","itemListElement":[{"@type":"ListItem","position":1,"name":"Startseite","item":"https:\/\/www.vitalibera.org\/community\/"},{"@type":"ListItem","position":2,"name":"Einh\u00e4ndiges Sch\u00e4len von Obst und Fr\u00fcchten bei Hemiparese nach Hirnverletzung"}]},{"@type":"WebSite","@id":"https:\/\/www.vitalibera.org\/community\/#website","url":"https:\/\/www.vitalibera.org\/community\/","name":"vitalibera.org","description":"Mit einer Einschr&auml;nkung gestaltet sich das Leben im Alltag oft schwieriger - hier berichten wir &uuml;ber unsere Erfahrungen und Hilfsmittel um den Alltag so unbeschwert und unkompliziert wie nur m&ouml;glich geniessen zu k&ouml;nnen. Dabei richten wir unseren Fokus gezielt auf Selbst&auml;ndigkeit, Eigenst&auml;ndigkeit und Selbstbestimmung.","publisher":{"@id":"https:\/\/www.vitalibera.org\/community\/#organization"},"potentialAction":[{"@type":"SearchAction","target":{"@type":"EntryPoint","urlTemplate":"https:\/\/www.vitalibera.org\/community\/?s={search_term_string}"},"query-input":{"@type":"PropertyValueSpecification","valueRequired":true,"valueName":"search_term_string"}}],"inLanguage":"de"},{"@type":"Organization","@id":"https:\/\/www.vitalibera.org\/community\/#organization","name":"vitalibera.org","url":"https:\/\/www.vitalibera.org\/community\/","logo":{"@type":"ImageObject","inLanguage":"de","@id":"https:\/\/www.vitalibera.org\/community\/#\/schema\/logo\/image\/","url":"https:\/\/www.vitalibera.org\/community\/wp-content\/uploads\/2025\/09\/cropped-banner.png","contentUrl":"https:\/\/www.vitalibera.org\/community\/wp-content\/uploads\/2025\/09\/cropped-banner.png","width":991,"height":150,"caption":"vitalibera.org"},"image":{"@id":"https:\/\/www.vitalibera.org\/community\/#\/schema\/logo\/image\/"},"sameAs":["https:\/\/www.facebook.com\/groups\/2997085857140235"]},{"@type":"Person","@id":"https:\/\/www.vitalibera.org\/community\/#\/schema\/person\/6712387298421f222ff6d0a2e22c1534","name":"Andreas Jecklin","image":{"@type":"ImageObject","inLanguage":"de","@id":"https:\/\/secure.gravatar.com\/avatar\/ad516503a11cd5ca435acc9bb6523536?s=96","url":"https:\/\/secure.gravatar.com\/avatar\/ad516503a11cd5ca435acc9bb6523536?s=96","contentUrl":"https:\/\/secure.gravatar.com\/avatar\/ad516503a11cd5ca435acc9bb6523536?s=96","caption":"Andreas Jecklin"},"description":"Manchen gab Gott die Kraft Dinge zu ver\u00e4ndern, mir gab er die Kraft zu ertragen was nicht mehr zu \u00e4ndern ist.","url":"https:\/\/www.vitalibera.org\/community\/author\/andy77\/"}]}},"jetpack_publicize_connections":[],"jetpack_sharing_enabled":true,"jetpack-related-posts":[{"id":8482,"url":"https:\/\/www.vitalibera.org\/community\/2026\/07\/05\/einhaendiges-schaelen-und-ruesten-von-obst-und-gemuese-nach-einer-gehirnverletzung\/","url_meta":{"origin":9415,"position":0},"title":"Einh\u00e4ndiges Sch\u00e4len und R\u00fcsten von Obst und Gem\u00fcse nach einer Gehirnverletzung","author":"Andreas Jecklin","date":"5 Juli, 2026","format":false,"excerpt":"Nach einer Gehirnverletzung k\u00f6nnen eine Hemiparese (Halbseitenl\u00e4hmung) und spastische Bewegungsst\u00f6rungen die Ausf\u00fchrung allt\u00e4glicher T\u00e4tigkeiten erschweren. Besonders Arbeiten in der K\u00fcche, wie das Sch\u00e4len und R\u00fcsten von M\u00f6hren, Kartoffeln, \u00c4pfeln oder anderem Obst und Gem\u00fcse, stellen hohe Anforderungen an Kraft, Koordination und Geschicklichkeit. Durch den Einsatz geeigneter Hilfsmittel, angepasster Arbeitstechniken und\u2026","rel":"","context":"In &quot;Kochen&quot;","block_context":{"text":"Kochen","link":"https:\/\/www.vitalibera.org\/community\/category\/beitraege\/eingeschraenkt-im-alltag\/alltag\/kochen\/"},"img":{"alt_text":"","src":"https:\/\/i0.wp.com\/www.vitalibera.org\/community\/wp-content\/uploads\/2026\/07\/ruest4123.png?resize=350%2C200&ssl=1","width":350,"height":200},"classes":[]},{"id":9403,"url":"https:\/\/www.vitalibera.org\/community\/2026\/09\/01\/9403\/","url_meta":{"origin":9415,"position":1},"title":"Einh\u00e4ndig Knoten oder Kabel entwirren bei Hemiparese","author":"Andreas Jecklin","date":"1 September, 2026","format":false,"excerpt":"Nach einer Hirnverletzung mit Hemiparese wird eine scheinbar einfache Aufgabe wie das Entwirren eines Kabels oder das L\u00f6sen eines Knotens pl\u00f6tzlich zu einer komplexen Herausforderung. Doch genau solche kleinen Alltagsaufgaben sind wertvolle Trainingssituationen: Sie f\u00f6rdern Feinmotorik, Planung, Konzentration, Geduld und st\u00e4rken das Vertrauen in die eigene Handlungsf\u00e4higkeit. Mit der richtigen\u2026","rel":"","context":"In &quot;Haushalt&quot;","block_context":{"text":"Haushalt","link":"https:\/\/www.vitalibera.org\/community\/category\/beitraege\/eingeschraenkt-im-alltag\/alltag\/haushalt\/"},"img":{"alt_text":"","src":"https:\/\/i0.wp.com\/www.vitalibera.org\/community\/wp-content\/uploads\/2026\/09\/kabel174805.png?resize=350%2C200&ssl=1","width":350,"height":200},"classes":[]},{"id":8252,"url":"https:\/\/www.vitalibera.org\/community\/2026\/06\/25\/selbststaendige-zahnpflege-bei-hemiparese-nach-hirnverletzung\/","url_meta":{"origin":9415,"position":2},"title":"Selbstst\u00e4ndige Zahnpflege bei Hemiparese nach Hirnverletzung","author":"Andreas Jecklin","date":"25 Juni, 2026","format":false,"excerpt":"Eine Hirnverletzung mit nachfolgender Hemiparese f\u00fchrt h\u00e4ufig zu erheblichen Einschr\u00e4nkungen in der Alltagsbew\u00e4ltigung. Auch einfache T\u00e4tigkeiten wie die Zahnpflege k\u00f6nnen durch einseitige L\u00e4hmung, verminderte Feinmotorik oder Koordinationsprobleme erschwert sein. Dennoch stellt die selbstst\u00e4ndige Mundhygiene einen wichtigen Bestandteil der Rehabilitation und Lebensqualit\u00e4t dar. Durch gezielte Anpassungen, geeignete Hilfsmittel und therapeutische Unterst\u00fctzung\u2026","rel":"","context":"In &quot;Pflege&quot;","block_context":{"text":"Pflege","link":"https:\/\/www.vitalibera.org\/community\/category\/beitraege\/eingeschraenkt-im-alltag\/alltag\/pflege\/"},"img":{"alt_text":"","src":"https:\/\/i0.wp.com\/www.vitalibera.org\/community\/wp-content\/uploads\/2026\/06\/zahn14.png?resize=350%2C200&ssl=1","width":350,"height":200},"classes":[]},{"id":9407,"url":"https:\/\/www.vitalibera.org\/community\/2026\/09\/01\/jackenreissverschluss-einhaendig-bedienen-alltagshilfe-bei-hemiparese\/","url_meta":{"origin":9415,"position":3},"title":"Jackenrei\u00dfverschluss einh\u00e4ndig bedienen \u2013 Alltagshilfe bei Hemiparese","author":"Andreas Jecklin","date":"1 September, 2026","format":false,"excerpt":"Nach einer Hirnverletzung mit Hemiparese wird das Schlie\u00dfen oder \u00d6ffnen eines Jackenrei\u00dfverschlusses schnell zu einer allt\u00e4glichen H\u00fcrde. Es geht hier nicht um Training, sondern um praktische Erleichterung, damit du im Alltag selbstst\u00e4ndig bleiben kannst \u2013 ohne Stress, ohne Kraftaufwand und ohne komplizierte Bewegungen. Mit einfachen Handgriffen, einer stabilen K\u00f6rperposition und\u2026","rel":"","context":"In &quot;Kleidung&quot;","block_context":{"text":"Kleidung","link":"https:\/\/www.vitalibera.org\/community\/category\/beitraege\/eingeschraenkt-im-alltag\/alltag\/kleidung\/"},"img":{"alt_text":"","src":"https:\/\/i0.wp.com\/www.vitalibera.org\/community\/wp-content\/uploads\/2026\/09\/reissverschluss180207.png?resize=350%2C200&ssl=1","width":350,"height":200},"classes":[]},{"id":9411,"url":"https:\/\/www.vitalibera.org\/community\/2026\/09\/01\/einhaendiger-umgang-mit-knoepfen-im-alltag-praktische-hilfe-bei-hemiparese\/","url_meta":{"origin":9415,"position":4},"title":"Einh\u00e4ndiger Umgang mit Kn\u00f6pfen im Alltag \u2013 praktische Hilfe bei Hemiparese","author":"Andreas Jecklin","date":"1 September, 2026","format":false,"excerpt":"Nach einer Hirnverletzung mit Hemiparese wird das Schlie\u00dfen oder \u00d6ffnen von Kn\u00f6pfen \u2013 ob an Hose, Hemd, Manschette oder Jacke \u2013 schnell zur allt\u00e4glichen Herausforderung. Doch mit den richtigen Hilfsmitteln und kleinen Anpassungen l\u00e4sst sich diese Aufgabe auch mit einer Hand bew\u00e4ltigen, ohne Frust oder \u00dcberforderung. Im Alltag geht es\u2026","rel":"","context":"In &quot;Kleidung&quot;","block_context":{"text":"Kleidung","link":"https:\/\/www.vitalibera.org\/community\/category\/beitraege\/eingeschraenkt-im-alltag\/alltag\/kleidung\/"},"img":{"alt_text":"","src":"https:\/\/i0.wp.com\/www.vitalibera.org\/community\/wp-content\/uploads\/2026\/09\/hemd192253.png?resize=350%2C200&ssl=1","width":350,"height":200},"classes":[]},{"id":7779,"url":"https:\/\/www.vitalibera.org\/community\/2026\/06\/06\/endboss-im-alltag-fingernaegel-schneiden-mit-einer-hand\/","url_meta":{"origin":9415,"position":5},"title":"\u201eEndboss\u201c im Alltag: Fingern\u00e4gel schneiden mit einer Hand (Hemiplegie)","author":"Andreas Jecklin","date":"6 Juni, 2026","format":false,"excerpt":"Nach einer Hirnverletzung \u2013 beispielsweise durch einen Schlaganfall, ein Sch\u00e4del\u2011Hirn\u2011Trauma (SHT) oder eine Hirnblutung \u2013 m\u00fcssen viele allt\u00e4gliche F\u00e4higkeiten neu erlernt werden. Besonders herausfordernd sind T\u00e4tigkeiten, die normalerweise beide H\u00e4nde ben\u00f6tigen. Dazu geh\u00f6rt auch das Schneiden der Fingern\u00e4gel \u2013 eine Aktivit\u00e4t, die oft untersch\u00e4tzt wird, aber ein hohes Ma\u00df an\u2026","rel":"","context":"In &quot;Pflege&quot;","block_context":{"text":"Pflege","link":"https:\/\/www.vitalibera.org\/community\/category\/beitraege\/eingeschraenkt-im-alltag\/alltag\/pflege\/"},"img":{"alt_text":"","src":"https:\/\/i0.wp.com\/www.vitalibera.org\/community\/wp-content\/uploads\/2026\/06\/naegelschn.png?resize=350%2C200&ssl=1","width":350,"height":200},"classes":[]}],"jetpack_featured_media_url":"https:\/\/www.vitalibera.org\/community\/wp-content\/uploads\/2026\/09\/schaelen224338.png","_links":{"self":[{"href":"https:\/\/www.vitalibera.org\/community\/wp-json\/wp\/v2\/posts\/9415","targetHints":{"allow":["GET"]}}],"collection":[{"href":"https:\/\/www.vitalibera.org\/community\/wp-json\/wp\/v2\/posts"}],"about":[{"href":"https:\/\/www.vitalibera.org\/community\/wp-json\/wp\/v2\/types\/post"}],"author":[{"embeddable":true,"href":"https:\/\/www.vitalibera.org\/community\/wp-json\/wp\/v2\/users\/2"}],"replies":[{"embeddable":true,"href":"https:\/\/www.vitalibera.org\/community\/wp-json\/wp\/v2\/comments?post=9415"}],"version-history":[{"count":1,"href":"https:\/\/www.vitalibera.org\/community\/wp-json\/wp\/v2\/posts\/9415\/revisions"}],"predecessor-version":[{"id":9417,"href":"https:\/\/www.vitalibera.org\/community\/wp-json\/wp\/v2\/posts\/9415\/revisions\/9417"}],"wp:featuredmedia":[{"embeddable":true,"href":"https:\/\/www.vitalibera.org\/community\/wp-json\/wp\/v2\/media\/9416"}],"wp:attachment":[{"href":"https:\/\/www.vitalibera.org\/community\/wp-json\/wp\/v2\/media?parent=9415"}],"wp:term":[{"taxonomy":"category","embeddable":true,"href":"https:\/\/www.vitalibera.org\/community\/wp-json\/wp\/v2\/categories?post=9415"},{"taxonomy":"post_tag","embeddable":true,"href":"https:\/\/www.vitalibera.org\/community\/wp-json\/wp\/v2\/tags?post=9415"}],"curies":[{"name":"wp","href":"https:\/\/api.w.org\/{rel}","templated":true}]}}