{"id":9439,"date":"2026-09-02T17:08:04","date_gmt":"2026-09-02T15:08:04","guid":{"rendered":"https:\/\/www.vitalibera.org\/community\/?p=9439"},"modified":"2026-09-02T17:08:04","modified_gmt":"2026-09-02T15:08:04","slug":"einhaendig-haare-machen-bei-hemiparese-klare-einfache-alltagstechnik","status":"publish","type":"post","link":"https:\/\/www.vitalibera.org\/community\/2026\/09\/02\/einhaendig-haare-machen-bei-hemiparese-klare-einfache-alltagstechnik\/","title":{"rendered":"Einh\u00e4ndig Haare machen bei Hemiparese \u2013 klare, einfache Alltagstechnik"},"content":{"rendered":"\n<div class=\"wp-block-media-text is-stacked-on-mobile is-vertically-aligned-top\"><figure class=\"wp-block-media-text__media\"><img decoding=\"async\" width=\"210\" height=\"210\" src=\"https:\/\/www.vitalibera.org\/community\/wp-content\/uploads\/2026\/09\/haare170423.png\" alt=\"\" class=\"wp-image-9440 size-full\" srcset=\"https:\/\/www.vitalibera.org\/community\/wp-content\/uploads\/2026\/09\/haare170423.png 210w, https:\/\/www.vitalibera.org\/community\/wp-content\/uploads\/2026\/09\/haare170423-150x150.png 150w\" sizes=\"(max-width: 210px) 100vw, 210px\" \/><\/figure><div class=\"wp-block-media-text__content\">\n<p>Nach einer Halbseitenl&auml;hmung wird das Haaremachen pl&ouml;tzlich zu einer Aufgabe, die motorisch und <a href=\"https:\/\/www.vitalibera.org\/community\/2026\/08\/12\/gaming-nach-hirnverletzung-mut-zu-neuen-herausforderungen-trotz-hemiparese-und-spastik\/\"><font color=\"blue\"><img src=\"https:\/\/www.vitalibera.org\/community\/wp-content\/images\/link.png\" width=\"20\" height=\"20\"><u>kognitiv<\/u><\/font><\/a> herausfordert. Die gel&auml;hmte <a href=\"https:\/\/www.vitalibera.org\/community\/2026\/08\/10\/fes-und-tens-bei-spastik-und-geschlossener-hand-orientierung-nach-hirnverletzung\/\"><font color=\"blue\"><img src=\"https:\/\/www.vitalibera.org\/community\/wp-content\/images\/link.png\" width=\"20\" height=\"20\"><u>Hand<\/u><\/font><\/a> kann nicht mehr helfen, die aktive Hand ist schnell &uuml;berlastet, und die gewohnte Reihenfolge geht verloren. <\/p>\n\n\n\n<p>Doch mit einer ruhigen, strukturierten Technik und klaren Orientierungspunkten l&auml;sst sich das K&auml;mmen, Zusammenbinden, ein Pferdeschwanz oder sogar ein Zopf wieder <strong>mit nur einer Hand<\/strong> bew&auml;ltigen. Fixpunkte wie Wand, Stuhllehne oder <a href=\"https:\/\/www.vitalibera.org\/community\/2026\/07\/04\/adaptive-kleidung-fuer-mehr-selbststaendigkeit-im-alltag-bei-hemiparese\/\"><font color=\"blue\"><img src=\"https:\/\/www.vitalibera.org\/community\/wp-content\/images\/link.png\" width=\"20\" height=\"20\"><u>Kleidung<\/u><\/font><\/a> ersetzen die zweite Hand, w&auml;hrend feste Abl&auml;ufe und ein konstanter Ort f&uuml;r B&uuml;rste und Haargummi dem Gehirn Sicherheit geben. <\/p>\n\n\n\n<p>So entsteht ein neurofreundlicher Weg zur&uuml;ck zu Selbstst&auml;ndigkeit &ndash; ohne Fummelei, ohne Stress, Schritt f&uuml;r Schritt.<\/p>\n<\/div><\/div>\n\n\n\n<h6 class=\"wp-block-heading\"><strong>Grundprinzip: Fixieren statt Halten<\/strong><\/h6>\n\n\n\n<p>Die gel&auml;hmte Seite wird <strong>nicht<\/strong> gebraucht, wenn du die Haare oder den Kopf <strong>gegen etwas stabilisierst<\/strong>.<\/p>\n\n\n\n<ul class=\"wp-block-list\">\n<li>Wand<\/li>\n\n\n\n<li>Stuhllehne<\/li>\n\n\n\n<li>Hohe Sofakante<\/li>\n\n\n\n<li>Kopfst&uuml;tze<\/li>\n\n\n\n<li>Kleidung (z.&#8239;B. Kragen)<\/li>\n<\/ul>\n\n\n\n<p>Dadurch entsteht die &bdquo;zweite Hand&ldquo;, die fehlt.<\/p>\n\n\n\n<h6 class=\"wp-block-heading\"><strong>Alltagsorientierung f&uuml;r Betroffene<\/strong><\/h6>\n\n\n\n<p>Damit der Ablauf nicht verloren geht:<\/p>\n\n\n\n<ul class=\"wp-block-list\">\n<li><strong>Fester Ort<\/strong>: B&uuml;rste, Haargummi, Spiegel immer am gleichen Platz<\/li>\n\n\n\n<li><strong>Feste Reihenfolge<\/strong>: &bdquo;Gummi &ndash; Fixieren &ndash; <a href=\"https:\/\/www.vitalibera.org\/community\/2026\/08\/19\/schuhbinden-einhaendig-nach-hirnverletzung-alltag-zurueckerobern-schritt-fuer-schritt\/\"><font color=\"blue\"><img src=\"https:\/\/www.vitalibera.org\/community\/wp-content\/images\/link.png\" width=\"20\" height=\"20\"><u>Binden<\/u><\/font><\/a> &ndash; Pr&uuml;fen&ldquo;<\/li>\n\n\n\n<li><strong>Visuelle Erinnerung<\/strong>: kleines Bildschema am Spiegel<\/li>\n\n\n\n<li><strong>Ruhige Umgebung<\/strong>: weniger Reize = bessere Feinmotorik<\/li>\n\n\n\n<li><strong>Kurze Pausen<\/strong>: Gehirn verarbeitet Schritte besser<\/li>\n\n\n\n<li><strong>Gleiche Uhrzeit<\/strong>: Routine st&auml;rkt Orientierung<\/li>\n<\/ul>\n\n\n\n<h5 class=\"wp-block-heading\"><strong>Einh&auml;ndige Anleitung (Zopf &amp; Pferdeschwanz)<\/strong><\/h5>\n\n\n\n<h6 class=\"wp-block-heading\"><strong>1. Haare vorbereiten<\/strong><\/h6>\n\n\n\n<ul class=\"wp-block-list\">\n<li>Haare leicht anfeuchten oder etwas &Ouml;l verwenden &rarr; besser greifbar<\/li>\n\n\n\n<li>B&uuml;rste auf rutschfester Unterlage fixieren<\/li>\n\n\n\n<li>Mit der aktiven Hand k&auml;mmen<\/li>\n<\/ul>\n\n\n\n<h6 class=\"wp-block-heading\"><strong>2. Haargummi vorbereiten<\/strong><\/h6>\n\n\n\n<ul class=\"wp-block-list\">\n<li>Gummi &uuml;ber die <a href=\"https:\/\/www.vitalibera.org\/community\/2026\/08\/10\/tens-ems-elektroden-platzierung-fuer-fingerbeweglichkeit\/\"><font color=\"blue\"><img src=\"https:\/\/www.vitalibera.org\/community\/wp-content\/images\/link.png\" width=\"20\" height=\"20\"><u>Finger<\/u><\/font><\/a> der aktiven Hand spannen<\/li>\n\n\n\n<li>Dadurch bleibt es stabil und sofort greifbar<\/li>\n<\/ul>\n\n\n\n<h6 class=\"wp-block-heading\"><strong>3. Haare fixieren<\/strong><\/h6>\n\n\n\n<ul class=\"wp-block-list\">\n<li>Kopf leicht nach hinten neigen<\/li>\n\n\n\n<li>Hinterkopf gegen Wand oder Stuhllehne dr&uuml;cken<\/li>\n\n\n\n<li>Haare mit der aktiven Hand nach hinten streichen<\/li>\n\n\n\n<li>Fixierung ersetzt die gel&auml;hmte Hand<\/li>\n<\/ul>\n\n\n\n<h6 class=\"wp-block-heading\">4<strong>. Gummi &uuml;ber die Haarbasis ziehen<\/strong><\/h6>\n\n\n\n<ul class=\"wp-block-list\">\n<li>Erste Schlaufe &uuml;ber die Haare f&uuml;hren<\/li>\n\n\n\n<li>Mit Daumen\/Zeigefinger drehen<\/li>\n\n\n\n<li>Zweite Schlaufe &uuml;ber die Haare <a href=\"https:\/\/www.vitalibera.org\/community\/2026\/09\/01\/einhaendiges-oeffnen-von-weinflaschen-mit-korken-sichere-alltagshilfe-bei-hemiparese\/\"><font color=\"blue\"><img src=\"https:\/\/www.vitalibera.org\/community\/wp-content\/images\/link.png\" width=\"20\" height=\"20\"><u>ziehen<\/u><\/font><\/a><\/li>\n\n\n\n<li>Wiederholen, bis der Zopf\/Pferdeschwanz h&auml;lt<\/li>\n<\/ul>\n\n\n\n<h6 class=\"wp-block-heading\"><strong>5. Sitz pr&uuml;fen<\/strong><\/h6>\n\n\n\n<ul class=\"wp-block-list\">\n<li>Kurz, ohne Fummelei<\/li>\n\n\n\n<li>Wenn es nicht klappt &rarr; Pause &rarr; erneut<\/li>\n<\/ul>\n\n\n\n<h5 class=\"wp-block-heading\"><strong>Hilfsmittel, die es deutlich leichter machen<\/strong><\/h5>\n\n\n\n<ul class=\"wp-block-list\">\n<li><strong>Haargummis mit Griff\/Kugel<\/strong><\/li>\n\n\n\n<li><strong>Gro&szlig;e Haarklammern<\/strong> (Federmechanismus)<\/li>\n\n\n\n<li><strong>Rutschfeste Matte<\/strong> f&uuml;r B&uuml;rste\/Gummi<\/li>\n\n\n\n<li><strong>Wandspiegel<\/strong> auf Augenh&ouml;he<\/li>\n\n\n\n<li><strong>Haar&ouml;l oder Wassernebel<\/strong> &rarr; Haare lassen sich leichter <a href=\"https:\/\/www.vitalibera.org\/community\/2026\/07\/31\/hilfsmittel-als-bruecke-zur-selbststaendigkeit-nach-einer-hirnverletzung\/\"><font color=\"blue\"><img src=\"https:\/\/www.vitalibera.org\/community\/wp-content\/images\/link.png\" width=\"20\" height=\"20\"><u>greifen<\/u><\/font><\/a><\/li>\n<\/ul>\n\n\n\n<div class=\"wp-block-media-text is-stacked-on-mobile is-vertically-aligned-top\" style=\"grid-template-columns:24% auto\"><figure class=\"wp-block-media-text__media\"><img fetchpriority=\"high\" decoding=\"async\" width=\"302\" height=\"277\" src=\"http:\/\/www.vitalibera.org\/community\/wp-content\/uploads\/2026\/03\/tip3.png\" alt=\"\" class=\"wp-image-6087 size-full\" srcset=\"https:\/\/www.vitalibera.org\/community\/wp-content\/uploads\/2026\/03\/tip3.png 302w, https:\/\/www.vitalibera.org\/community\/wp-content\/uploads\/2026\/03\/tip3-300x275.png 300w\" sizes=\"(max-width: 302px) 100vw, 302px\" \/><\/figure><div class=\"wp-block-media-text__content\">\n<p><strong>Nutze deinen eigenen K&ouml;rper als &bdquo;zweite Hand&ldquo; &ndash; besonders die Schulter und den Hinterkopf.<\/strong> Das reduziert Chaos, gibt Orientierung und macht die Aufgabe sofort machbarer.<\/p>\n\n\n\n<h6 class=\"wp-block-heading\"><strong>So funktioniert der Tipp konkret<\/strong><\/h6>\n\n\n\n<ul class=\"wp-block-list\">\n<li><strong>Schulter als Haltepunkt:<\/strong> Lege die B&uuml;rste kurz zwischen Schulter und Kopf &rarr; sie bleibt stabil, du kannst die Haare mit der aktiven Hand greifen und ordnen.<\/li>\n\n\n\n<li><strong>Hinterkopf als Fixierung:<\/strong> Dr&uuml;cke den Hinterkopf leicht gegen eine Wand oder Stuhllehne &rarr; die Haare bleiben gesammelt an einer Stelle, du musst sie nicht festhalten.<\/li>\n\n\n\n<li><strong>Kragen als <a href=\"https:\/\/www.vitalibera.org\/community\/2026\/07\/04\/einhandfreundliche-guertel-fuer-menschen-mit-hemiparese\/\"><font color=\"blue\"><img src=\"https:\/\/www.vitalibera.org\/community\/wp-content\/images\/link.png\" width=\"20\" height=\"20\"><u>Hilfsmittel<\/u><\/font><\/a>:<\/strong> Ziehe die Haare kurz unter den Kragen oder Schal &rarr; sie bleiben geb&uuml;ndelt, bis du das Haargummi ansetzt.<\/li>\n\n\n\n<li><strong>Haargummi &uuml;ber die Finger spannen:<\/strong> Dadurch ist es sofort einsatzbereit und rutscht nicht weg.<\/li>\n<\/ul>\n\n\n\n<h6 class=\"wp-block-heading\"><strong>Warum dieser Tipp so gut funktioniert<\/strong><\/h6>\n\n\n\n<ul class=\"wp-block-list\">\n<li>Er st&auml;rkt <strong>Selbstst&auml;ndigkeit<\/strong>, ohne zus&auml;tzliche Hilfsmittel.<\/li>\n\n\n\n<li>Er ersetzt die gel&auml;hmte Hand durch <strong>Fixpunkte<\/strong>, die immer verf&uuml;gbar sind.<\/li>\n\n\n\n<li>Er gibt <strong>Orientierung<\/strong>, weil du nicht gleichzeitig halten und binden musst.<\/li>\n\n\n\n<li>Er reduziert <strong>Reiz&uuml;berflutung<\/strong>, weil du nur eine <a href=\"https:\/\/www.vitalibera.org\/community\/2026\/08\/24\/alltagstraining-mit-arm-und-bein-hometrainer-nach-hirnverletzung\/\"><font color=\"blue\"><img src=\"https:\/\/www.vitalibera.org\/community\/wp-content\/images\/link.png\" width=\"20\" height=\"20\"><u>Bewegung<\/u><\/font><\/a> zur Zeit machst.<\/li>\n<\/ul>\n<\/div><\/div>\n\n\n\n<p class=\"has-medium-font-size\"><strong>Hilfsmittel&#8209;Tabelle f&uuml;r einh&auml;ndige Haarpflege bei <a href=\"https:\/\/www.vitalibera.org\/community\/enzyklopaedie\/hemiparese\/\" target=\"_self\" title=\"Eine Hemiparese ist eine&nbsp;L&auml;hmung einer K&ouml;rperh&auml;lfte, bei der noch eine Restaktivit&auml;t vorhanden sein kann. Eine Hemiparese entsteht durch Sch&auml;digungen im Gehirn, wie bei einem Schlaganfall oder durch einen Unfall. Es kommt zu einer Verminderung der Kraft in Gesicht, Arm und Bein in einer K&ouml;rperh&auml;lfte.\" class=\"encyclopedia\">Hemiparese<\/a><\/strong><\/p>\n\n\n\n<figure class=\"wp-block-table\"><table class=\"has-fixed-layout\"><thead><tr><th><strong>Hilfsmittel<\/strong><\/th><th><strong>Nutzen im <a href=\"https:\/\/www.vitalibera.org\/community\/2026\/04\/30\/lapstacker-transport-gurtsystem-fuer-rollstuehle\/\"><font color=\"blue\"><img src=\"https:\/\/www.vitalibera.org\/community\/wp-content\/images\/link.png\" width=\"20\" height=\"20\"><u>Alltag<\/u><\/font><\/a><\/strong><\/th><th><strong>Warum hilfreich bei <a href=\"https:\/\/www.vitalibera.org\/community\/enzyklopaedie\/hemiparese\/\" target=\"_self\" title=\"Eine Hemiparese ist eine&nbsp;L&auml;hmung einer K&ouml;rperh&auml;lfte, bei der noch eine Restaktivit&auml;t vorhanden sein kann. Eine Hemiparese entsteht durch Sch&auml;digungen im Gehirn, wie bei einem Schlaganfall oder durch einen Unfall. Es kommt zu einer Verminderung der Kraft in Gesicht, Arm und Bein in einer K&ouml;rperh&auml;lfte.\" class=\"encyclopedia\">Hemiparese<\/a><\/strong><\/th><\/tr><\/thead><tbody><tr><th><strong>Haargummi mit Griff\/Kugel<\/strong><\/th><td>leichter zu greifen und zu drehen<\/td><td>weniger Feinmotorik, stabiler Halt<\/td><\/tr><tr><th><strong>Elastische Haargummis<\/strong><\/th><td>dehnen sich stark, rutschen nicht<\/td><td>einh&auml;ndig &uuml;ber die Finger spannbar<\/td><\/tr><tr><th><strong>Gro&szlig;e Haarklammern (Federmechanismus)<\/strong><\/th><td>schnell einh&auml;ndig zu &ouml;ffnen<\/td><td>ersetzt Zopf, ideal bei M&uuml;digkeit<\/td><\/tr><tr><th><strong>Rutschfeste Matte<\/strong><\/th><td>B&uuml;rste oder Gummi bleibt liegen<\/td><td>verhindert Wegrollen, gibt Ruhe<\/td><\/tr><tr><th><strong>Wand oder Stuhllehne als Fixpunkt<\/strong><\/th><td>stabilisiert den Hinterkopf<\/td><td>ersetzt die gel&auml;hmte Hand<\/td><\/tr><tr><th><strong>Wandspiegel auf Augenh&ouml;he<\/strong><\/th><td>klare visuelle Orientierung<\/td><td>weniger Kopfbewegung, weniger Chaos<\/td><\/tr><tr><th><strong>Haar&ouml;l oder Wassernebel<\/strong><\/th><td>Haare lassen sich leichter greifen<\/td><td>weniger Kraft, weniger Fummelei<\/td><\/tr><tr><th><strong>B&uuml;rste mit breitem Griff<\/strong><\/th><td>sicherer Halt<\/td><td>ideal bei schwacher Greifkraft<\/td><\/tr><tr><th><strong>Schulter\/Kragen als Haltepunkt<\/strong><\/th><td>Haare kurz fixierbar<\/td><td>ersetzt zweite Hand spontan<\/td><\/tr><tr><th><strong>Tischkante f&uuml;r Haargummi<\/strong><\/th><td>Gummi bleibt stabil<\/td><td>einh&auml;ndiges Aufziehen wird leichter<\/td><\/tr><\/tbody><\/table><\/figure>\n\n\n\n<p>Diese Hilfsmittel reduzieren <strong>Feinmotorik<\/strong>, geben <strong>Fixpunkte<\/strong>, schaffen <strong>Orientierung<\/strong> und machen das Haare&#8209;Zusammenbinden mit nur einer Hand <strong>realistisch machbar<\/strong>.<\/p>\n","protected":false},"excerpt":{"rendered":"<p>Nach einer Halbseitenl\u00e4hmung wird das Haaremachen pl\u00f6tzlich zu einer Aufgabe, die motorisch und kognitiv herausfordert. Die gel\u00e4hmte Hand kann nicht mehr helfen, die aktive Hand ist schnell \u00fcberlastet, und die gewohnte Reihenfolge geht verloren. <\/p>\n<p>Doch mit einer ruhigen, strukturierten Technik und klaren Orientierungspunkten l\u00e4sst sich das K\u00e4mmen, Zusammenbinden, ein Pferdeschwanz oder sogar ein Zopf wieder mit nur einer Hand bew\u00e4ltigen. Fixpunkte wie Wand, Stuhllehne oder Kleidung ersetzen die zweite Hand, w\u00e4hrend feste Abl\u00e4ufe und ein konstanter Ort f\u00fcr B\u00fcrste und Haargummi dem Gehirn Sicherheit geben.<\/p>\n","protected":false},"author":2,"featured_media":9440,"comment_status":"open","ping_status":"open","sticky":false,"template":"","format":"standard","meta":{"cybocfi_hide_featured_image":"yes","_jetpack_newsletter_access":"","_jetpack_dont_email_post_to_subs":false,"_jetpack_newsletter_tier_id":0,"_jetpack_memberships_contains_paywalled_content":false,"_jetpack_feature_clip_id":0,"_jetpack_memberships_contains_paid_content":false,"footnotes":"","jetpack_publicize_message":"","jetpack_publicize_feature_enabled":true,"jetpack_social_post_already_shared":false,"jetpack_social_options":{"image_generator_settings":{"template":"highway","default_image_id":0,"font":"","enabled":false},"version":2},"jetpack_post_was_ever_published":false},"categories":[43],"tags":[],"class_list":["post-9439","post","type-post","status-publish","format-standard","has-post-thumbnail","hentry","category-pflege"],"yoast_head":"<!-- This site is optimized with the Yoast SEO plugin v28.2 - https:\/\/yoast.com\/product\/yoast-seo-wordpress\/ -->\r\n<title>Einh\u00e4ndig Haare machen bei Hemiparese \u2013 klare, einfache Alltagstechnik - vitalibera.org<\/title>\r\n<meta name=\"robots\" content=\"index, follow, max-snippet:-1, max-image-preview:large, max-video-preview:-1\" \/>\r\n<link rel=\"canonical\" href=\"https:\/\/www.vitalibera.org\/community\/2026\/09\/02\/einhaendig-haare-machen-bei-hemiparese-klare-einfache-alltagstechnik\/\" \/>\r\n<meta property=\"og:locale\" content=\"de_DE\" \/>\r\n<meta property=\"og:type\" content=\"article\" \/>\r\n<meta property=\"og:title\" content=\"Einh\u00e4ndig Haare machen bei Hemiparese \u2013 klare, einfache Alltagstechnik - vitalibera.org\" \/>\r\n<meta property=\"og:description\" content=\"Nach einer Halbseitenl\u00e4hmung wird das Haaremachen pl\u00f6tzlich zu einer Aufgabe, die motorisch und kognitiv herausfordert. Die gel\u00e4hmte Hand kann nicht mehr helfen, die aktive Hand ist schnell \u00fcberlastet, und die gewohnte Reihenfolge geht verloren.  Doch mit einer ruhigen, strukturierten Technik und klaren Orientierungspunkten l\u00e4sst sich das K\u00e4mmen, Zusammenbinden, ein Pferdeschwanz oder sogar ein Zopf wieder mit nur einer Hand bew\u00e4ltigen. Fixpunkte wie Wand, Stuhllehne oder Kleidung ersetzen die zweite Hand, w\u00e4hrend feste Abl\u00e4ufe und ein konstanter Ort f\u00fcr B\u00fcrste und Haargummi dem Gehirn Sicherheit geben.\" \/>\r\n<meta property=\"og:url\" content=\"https:\/\/www.vitalibera.org\/community\/2026\/09\/02\/einhaendig-haare-machen-bei-hemiparese-klare-einfache-alltagstechnik\/\" \/>\r\n<meta property=\"og:site_name\" content=\"vitalibera.org\" \/>\r\n<meta property=\"article:publisher\" content=\"https:\/\/www.facebook.com\/groups\/2997085857140235\" \/>\r\n<meta property=\"article:published_time\" content=\"2026-09-02T15:08:04+00:00\" \/>\r\n<meta property=\"og:image\" content=\"https:\/\/www.vitalibera.org\/community\/wp-content\/uploads\/2026\/09\/haare170423.png\" \/>\r\n\t<meta property=\"og:image:width\" content=\"210\" \/>\r\n\t<meta property=\"og:image:height\" content=\"210\" \/>\r\n\t<meta property=\"og:image:type\" content=\"image\/png\" \/>\r\n<meta name=\"author\" content=\"Andreas Jecklin\" \/>\r\n<meta name=\"twitter:card\" content=\"summary_large_image\" \/>\r\n<meta name=\"twitter:label1\" content=\"Verfasst von\" \/>\n\t<meta name=\"twitter:data1\" content=\"Andreas Jecklin\" \/>\n\t<meta name=\"twitter:label2\" content=\"Gesch\u00e4tzte Lesezeit\" \/>\n\t<meta name=\"twitter:data2\" content=\"3\u00a0Minuten\" \/>\r\n<script type=\"application\/ld+json\" class=\"yoast-schema-graph\">{\"@context\":\"https:\\\/\\\/schema.org\",\"@graph\":[{\"@type\":\"Article\",\"@id\":\"https:\\\/\\\/www.vitalibera.org\\\/community\\\/2026\\\/09\\\/02\\\/einhaendig-haare-machen-bei-hemiparese-klare-einfache-alltagstechnik\\\/#article\",\"isPartOf\":{\"@id\":\"https:\\\/\\\/www.vitalibera.org\\\/community\\\/2026\\\/09\\\/02\\\/einhaendig-haare-machen-bei-hemiparese-klare-einfache-alltagstechnik\\\/\"},\"author\":{\"name\":\"Andreas Jecklin\",\"@id\":\"https:\\\/\\\/www.vitalibera.org\\\/community\\\/#\\\/schema\\\/person\\\/6712387298421f222ff6d0a2e22c1534\"},\"headline\":\"Einh\u00e4ndig Haare machen bei Hemiparese \u2013 klare, einfache Alltagstechnik\",\"datePublished\":\"2026-09-02T15:08:04+00:00\",\"mainEntityOfPage\":{\"@id\":\"https:\\\/\\\/www.vitalibera.org\\\/community\\\/2026\\\/09\\\/02\\\/einhaendig-haare-machen-bei-hemiparese-klare-einfache-alltagstechnik\\\/\"},\"wordCount\":688,\"commentCount\":0,\"publisher\":{\"@id\":\"https:\\\/\\\/www.vitalibera.org\\\/community\\\/#organization\"},\"image\":{\"@id\":\"https:\\\/\\\/www.vitalibera.org\\\/community\\\/2026\\\/09\\\/02\\\/einhaendig-haare-machen-bei-hemiparese-klare-einfache-alltagstechnik\\\/#primaryimage\"},\"thumbnailUrl\":\"https:\\\/\\\/www.vitalibera.org\\\/community\\\/wp-content\\\/uploads\\\/2026\\\/09\\\/haare170423.png\",\"articleSection\":[\"Pflege\"],\"inLanguage\":\"de\",\"potentialAction\":[{\"@type\":\"CommentAction\",\"name\":\"Comment\",\"target\":[\"https:\\\/\\\/www.vitalibera.org\\\/community\\\/2026\\\/09\\\/02\\\/einhaendig-haare-machen-bei-hemiparese-klare-einfache-alltagstechnik\\\/#respond\"]}]},{\"@type\":\"WebPage\",\"@id\":\"https:\\\/\\\/www.vitalibera.org\\\/community\\\/2026\\\/09\\\/02\\\/einhaendig-haare-machen-bei-hemiparese-klare-einfache-alltagstechnik\\\/\",\"url\":\"https:\\\/\\\/www.vitalibera.org\\\/community\\\/2026\\\/09\\\/02\\\/einhaendig-haare-machen-bei-hemiparese-klare-einfache-alltagstechnik\\\/\",\"name\":\"Einh\u00e4ndig Haare machen bei Hemiparese \u2013 klare, einfache Alltagstechnik - vitalibera.org\",\"isPartOf\":{\"@id\":\"https:\\\/\\\/www.vitalibera.org\\\/community\\\/#website\"},\"primaryImageOfPage\":{\"@id\":\"https:\\\/\\\/www.vitalibera.org\\\/community\\\/2026\\\/09\\\/02\\\/einhaendig-haare-machen-bei-hemiparese-klare-einfache-alltagstechnik\\\/#primaryimage\"},\"image\":{\"@id\":\"https:\\\/\\\/www.vitalibera.org\\\/community\\\/2026\\\/09\\\/02\\\/einhaendig-haare-machen-bei-hemiparese-klare-einfache-alltagstechnik\\\/#primaryimage\"},\"thumbnailUrl\":\"https:\\\/\\\/www.vitalibera.org\\\/community\\\/wp-content\\\/uploads\\\/2026\\\/09\\\/haare170423.png\",\"datePublished\":\"2026-09-02T15:08:04+00:00\",\"breadcrumb\":{\"@id\":\"https:\\\/\\\/www.vitalibera.org\\\/community\\\/2026\\\/09\\\/02\\\/einhaendig-haare-machen-bei-hemiparese-klare-einfache-alltagstechnik\\\/#breadcrumb\"},\"inLanguage\":\"de\",\"potentialAction\":[{\"@type\":\"ReadAction\",\"target\":[\"https:\\\/\\\/www.vitalibera.org\\\/community\\\/2026\\\/09\\\/02\\\/einhaendig-haare-machen-bei-hemiparese-klare-einfache-alltagstechnik\\\/\"]}]},{\"@type\":\"BreadcrumbList\",\"@id\":\"https:\\\/\\\/www.vitalibera.org\\\/community\\\/2026\\\/09\\\/02\\\/einhaendig-haare-machen-bei-hemiparese-klare-einfache-alltagstechnik\\\/#breadcrumb\",\"itemListElement\":[{\"@type\":\"ListItem\",\"position\":1,\"name\":\"Startseite\",\"item\":\"https:\\\/\\\/www.vitalibera.org\\\/community\\\/\"},{\"@type\":\"ListItem\",\"position\":2,\"name\":\"Einh\u00e4ndig Haare machen bei Hemiparese \u2013 klare, einfache Alltagstechnik\"}]},{\"@type\":\"WebSite\",\"@id\":\"https:\\\/\\\/www.vitalibera.org\\\/community\\\/#website\",\"url\":\"https:\\\/\\\/www.vitalibera.org\\\/community\\\/\",\"name\":\"vitalibera.org\",\"description\":\"Mit einer Einschr&auml;nkung gestaltet sich das Leben im Alltag oft schwieriger - hier berichten wir &uuml;ber unsere Erfahrungen und Hilfsmittel um den Alltag so unbeschwert und unkompliziert wie nur m&ouml;glich geniessen zu k&ouml;nnen. Dabei richten wir unseren Fokus gezielt auf Selbst&auml;ndigkeit, Eigenst&auml;ndigkeit und Selbstbestimmung.\",\"publisher\":{\"@id\":\"https:\\\/\\\/www.vitalibera.org\\\/community\\\/#organization\"},\"potentialAction\":[{\"@type\":\"SearchAction\",\"target\":{\"@type\":\"EntryPoint\",\"urlTemplate\":\"https:\\\/\\\/www.vitalibera.org\\\/community\\\/?s={search_term_string}\"},\"query-input\":{\"@type\":\"PropertyValueSpecification\",\"valueRequired\":true,\"valueName\":\"search_term_string\"}}],\"inLanguage\":\"de\"},{\"@type\":\"Organization\",\"@id\":\"https:\\\/\\\/www.vitalibera.org\\\/community\\\/#organization\",\"name\":\"vitalibera.org\",\"url\":\"https:\\\/\\\/www.vitalibera.org\\\/community\\\/\",\"logo\":{\"@type\":\"ImageObject\",\"inLanguage\":\"de\",\"@id\":\"https:\\\/\\\/www.vitalibera.org\\\/community\\\/#\\\/schema\\\/logo\\\/image\\\/\",\"url\":\"https:\\\/\\\/www.vitalibera.org\\\/community\\\/wp-content\\\/uploads\\\/2025\\\/09\\\/cropped-banner.png\",\"contentUrl\":\"https:\\\/\\\/www.vitalibera.org\\\/community\\\/wp-content\\\/uploads\\\/2025\\\/09\\\/cropped-banner.png\",\"width\":991,\"height\":150,\"caption\":\"vitalibera.org\"},\"image\":{\"@id\":\"https:\\\/\\\/www.vitalibera.org\\\/community\\\/#\\\/schema\\\/logo\\\/image\\\/\"},\"sameAs\":[\"https:\\\/\\\/www.facebook.com\\\/groups\\\/2997085857140235\"]},{\"@type\":\"Person\",\"@id\":\"https:\\\/\\\/www.vitalibera.org\\\/community\\\/#\\\/schema\\\/person\\\/6712387298421f222ff6d0a2e22c1534\",\"name\":\"Andreas Jecklin\",\"image\":{\"@type\":\"ImageObject\",\"inLanguage\":\"de\",\"@id\":\"https:\\\/\\\/secure.gravatar.com\\\/avatar\\\/ad516503a11cd5ca435acc9bb6523536?s=96\",\"url\":\"https:\\\/\\\/secure.gravatar.com\\\/avatar\\\/ad516503a11cd5ca435acc9bb6523536?s=96\",\"contentUrl\":\"https:\\\/\\\/secure.gravatar.com\\\/avatar\\\/ad516503a11cd5ca435acc9bb6523536?s=96\",\"caption\":\"Andreas Jecklin\"},\"description\":\"Manchen gab Gott die Kraft Dinge zu ver\u00e4ndern, mir gab er die Kraft zu ertragen was nicht mehr zu \u00e4ndern ist.\",\"url\":\"https:\\\/\\\/www.vitalibera.org\\\/community\\\/author\\\/andy77\\\/\"}]}<\/script>\r\n<!-- \/ Yoast SEO plugin. -->","yoast_head_json":{"title":"Einh\u00e4ndig Haare machen bei Hemiparese \u2013 klare, einfache Alltagstechnik - vitalibera.org","robots":{"index":"index","follow":"follow","max-snippet":"max-snippet:-1","max-image-preview":"max-image-preview:large","max-video-preview":"max-video-preview:-1"},"canonical":"https:\/\/www.vitalibera.org\/community\/2026\/09\/02\/einhaendig-haare-machen-bei-hemiparese-klare-einfache-alltagstechnik\/","og_locale":"de_DE","og_type":"article","og_title":"Einh\u00e4ndig Haare machen bei Hemiparese \u2013 klare, einfache Alltagstechnik - vitalibera.org","og_description":"Nach einer Halbseitenl\u00e4hmung wird das Haaremachen pl\u00f6tzlich zu einer Aufgabe, die motorisch und kognitiv herausfordert. Die gel\u00e4hmte Hand kann nicht mehr helfen, die aktive Hand ist schnell \u00fcberlastet, und die gewohnte Reihenfolge geht verloren.  Doch mit einer ruhigen, strukturierten Technik und klaren Orientierungspunkten l\u00e4sst sich das K\u00e4mmen, Zusammenbinden, ein Pferdeschwanz oder sogar ein Zopf wieder mit nur einer Hand bew\u00e4ltigen. Fixpunkte wie Wand, Stuhllehne oder Kleidung ersetzen die zweite Hand, w\u00e4hrend feste Abl\u00e4ufe und ein konstanter Ort f\u00fcr B\u00fcrste und Haargummi dem Gehirn Sicherheit geben.","og_url":"https:\/\/www.vitalibera.org\/community\/2026\/09\/02\/einhaendig-haare-machen-bei-hemiparese-klare-einfache-alltagstechnik\/","og_site_name":"vitalibera.org","article_publisher":"https:\/\/www.facebook.com\/groups\/2997085857140235","article_published_time":"2026-09-02T15:08:04+00:00","og_image":[{"width":210,"height":210,"url":"https:\/\/www.vitalibera.org\/community\/wp-content\/uploads\/2026\/09\/haare170423.png","type":"image\/png"}],"author":"Andreas Jecklin","twitter_card":"summary_large_image","twitter_misc":{"Verfasst von":"Andreas Jecklin","Gesch\u00e4tzte Lesezeit":"3\u00a0Minuten"},"schema":{"@context":"https:\/\/schema.org","@graph":[{"@type":"Article","@id":"https:\/\/www.vitalibera.org\/community\/2026\/09\/02\/einhaendig-haare-machen-bei-hemiparese-klare-einfache-alltagstechnik\/#article","isPartOf":{"@id":"https:\/\/www.vitalibera.org\/community\/2026\/09\/02\/einhaendig-haare-machen-bei-hemiparese-klare-einfache-alltagstechnik\/"},"author":{"name":"Andreas Jecklin","@id":"https:\/\/www.vitalibera.org\/community\/#\/schema\/person\/6712387298421f222ff6d0a2e22c1534"},"headline":"Einh\u00e4ndig Haare machen bei Hemiparese \u2013 klare, einfache Alltagstechnik","datePublished":"2026-09-02T15:08:04+00:00","mainEntityOfPage":{"@id":"https:\/\/www.vitalibera.org\/community\/2026\/09\/02\/einhaendig-haare-machen-bei-hemiparese-klare-einfache-alltagstechnik\/"},"wordCount":688,"commentCount":0,"publisher":{"@id":"https:\/\/www.vitalibera.org\/community\/#organization"},"image":{"@id":"https:\/\/www.vitalibera.org\/community\/2026\/09\/02\/einhaendig-haare-machen-bei-hemiparese-klare-einfache-alltagstechnik\/#primaryimage"},"thumbnailUrl":"https:\/\/www.vitalibera.org\/community\/wp-content\/uploads\/2026\/09\/haare170423.png","articleSection":["Pflege"],"inLanguage":"de","potentialAction":[{"@type":"CommentAction","name":"Comment","target":["https:\/\/www.vitalibera.org\/community\/2026\/09\/02\/einhaendig-haare-machen-bei-hemiparese-klare-einfache-alltagstechnik\/#respond"]}]},{"@type":"WebPage","@id":"https:\/\/www.vitalibera.org\/community\/2026\/09\/02\/einhaendig-haare-machen-bei-hemiparese-klare-einfache-alltagstechnik\/","url":"https:\/\/www.vitalibera.org\/community\/2026\/09\/02\/einhaendig-haare-machen-bei-hemiparese-klare-einfache-alltagstechnik\/","name":"Einh\u00e4ndig Haare machen bei Hemiparese \u2013 klare, einfache Alltagstechnik - vitalibera.org","isPartOf":{"@id":"https:\/\/www.vitalibera.org\/community\/#website"},"primaryImageOfPage":{"@id":"https:\/\/www.vitalibera.org\/community\/2026\/09\/02\/einhaendig-haare-machen-bei-hemiparese-klare-einfache-alltagstechnik\/#primaryimage"},"image":{"@id":"https:\/\/www.vitalibera.org\/community\/2026\/09\/02\/einhaendig-haare-machen-bei-hemiparese-klare-einfache-alltagstechnik\/#primaryimage"},"thumbnailUrl":"https:\/\/www.vitalibera.org\/community\/wp-content\/uploads\/2026\/09\/haare170423.png","datePublished":"2026-09-02T15:08:04+00:00","breadcrumb":{"@id":"https:\/\/www.vitalibera.org\/community\/2026\/09\/02\/einhaendig-haare-machen-bei-hemiparese-klare-einfache-alltagstechnik\/#breadcrumb"},"inLanguage":"de","potentialAction":[{"@type":"ReadAction","target":["https:\/\/www.vitalibera.org\/community\/2026\/09\/02\/einhaendig-haare-machen-bei-hemiparese-klare-einfache-alltagstechnik\/"]}]},{"@type":"BreadcrumbList","@id":"https:\/\/www.vitalibera.org\/community\/2026\/09\/02\/einhaendig-haare-machen-bei-hemiparese-klare-einfache-alltagstechnik\/#breadcrumb","itemListElement":[{"@type":"ListItem","position":1,"name":"Startseite","item":"https:\/\/www.vitalibera.org\/community\/"},{"@type":"ListItem","position":2,"name":"Einh\u00e4ndig Haare machen bei Hemiparese \u2013 klare, einfache Alltagstechnik"}]},{"@type":"WebSite","@id":"https:\/\/www.vitalibera.org\/community\/#website","url":"https:\/\/www.vitalibera.org\/community\/","name":"vitalibera.org","description":"Mit einer Einschr&auml;nkung gestaltet sich das Leben im Alltag oft schwieriger - hier berichten wir &uuml;ber unsere Erfahrungen und Hilfsmittel um den Alltag so unbeschwert und unkompliziert wie nur m&ouml;glich geniessen zu k&ouml;nnen. Dabei richten wir unseren Fokus gezielt auf Selbst&auml;ndigkeit, Eigenst&auml;ndigkeit und Selbstbestimmung.","publisher":{"@id":"https:\/\/www.vitalibera.org\/community\/#organization"},"potentialAction":[{"@type":"SearchAction","target":{"@type":"EntryPoint","urlTemplate":"https:\/\/www.vitalibera.org\/community\/?s={search_term_string}"},"query-input":{"@type":"PropertyValueSpecification","valueRequired":true,"valueName":"search_term_string"}}],"inLanguage":"de"},{"@type":"Organization","@id":"https:\/\/www.vitalibera.org\/community\/#organization","name":"vitalibera.org","url":"https:\/\/www.vitalibera.org\/community\/","logo":{"@type":"ImageObject","inLanguage":"de","@id":"https:\/\/www.vitalibera.org\/community\/#\/schema\/logo\/image\/","url":"https:\/\/www.vitalibera.org\/community\/wp-content\/uploads\/2025\/09\/cropped-banner.png","contentUrl":"https:\/\/www.vitalibera.org\/community\/wp-content\/uploads\/2025\/09\/cropped-banner.png","width":991,"height":150,"caption":"vitalibera.org"},"image":{"@id":"https:\/\/www.vitalibera.org\/community\/#\/schema\/logo\/image\/"},"sameAs":["https:\/\/www.facebook.com\/groups\/2997085857140235"]},{"@type":"Person","@id":"https:\/\/www.vitalibera.org\/community\/#\/schema\/person\/6712387298421f222ff6d0a2e22c1534","name":"Andreas Jecklin","image":{"@type":"ImageObject","inLanguage":"de","@id":"https:\/\/secure.gravatar.com\/avatar\/ad516503a11cd5ca435acc9bb6523536?s=96","url":"https:\/\/secure.gravatar.com\/avatar\/ad516503a11cd5ca435acc9bb6523536?s=96","contentUrl":"https:\/\/secure.gravatar.com\/avatar\/ad516503a11cd5ca435acc9bb6523536?s=96","caption":"Andreas Jecklin"},"description":"Manchen gab Gott die Kraft Dinge zu ver\u00e4ndern, mir gab er die Kraft zu ertragen was nicht mehr zu \u00e4ndern ist.","url":"https:\/\/www.vitalibera.org\/community\/author\/andy77\/"}]}},"jetpack_publicize_connections":[],"jetpack_sharing_enabled":true,"jetpack-related-posts":[{"id":9436,"url":"https:\/\/www.vitalibera.org\/community\/2026\/09\/02\/armbanduhr-im-alltag-einhaendig-nutzen-trotz-hemiparese\/","url_meta":{"origin":9439,"position":0},"title":"Armbanduhr im Alltag \u2013 Einh\u00e4ndig nutzen trotz Hemiparese","author":"Andreas Jecklin","date":"2 September, 2026","format":false,"excerpt":"Nach einer Hirnverletzung kann selbst eine einfache Armbanduhr zur echten Herausforderung werden. Die gel\u00e4hmte Seite h\u00e4lt das Band nicht mehr, die aktive Hand ist schnell \u00fcberlastet, und klassische Verschl\u00fcsse verlangen Feinmotorik, die im Alltag oft nicht verf\u00fcgbar ist. Trotzdem l\u00e4sst sich eine herk\u00f6mmliche Uhr weiter nutzen \u2013 wenn man die\u2026","rel":"","context":"In &quot;Kleidung&quot;","block_context":{"text":"Kleidung","link":"https:\/\/www.vitalibera.org\/community\/category\/beitraege\/eingeschraenkt-im-alltag\/alltag\/kleidung\/"},"img":{"alt_text":"","src":"https:\/\/i0.wp.com\/www.vitalibera.org\/community\/wp-content\/uploads\/2026\/09\/uhr150427.png?resize=350%2C200&ssl=1","width":350,"height":200},"classes":[]},{"id":9174,"url":"https:\/\/www.vitalibera.org\/community\/2026\/08\/18\/digitale-helfer-die-den-alltag-nach-einer-hirnverletzung-wirklich-erleichtern\/","url_meta":{"origin":9439,"position":1},"title":"Digitale Helfer, die den Alltag nach einer Hirnverletzung wirklich erleichtern","author":"Andreas Jecklin","date":"18 August, 2026","format":false,"excerpt":"Nach einer Hirnverletzung k\u00f6nnen selbst einfache Alltagsschritte pl\u00f6tzlich enorme Energie kosten \u2013 besonders bei Hemiparese, Einh\u00e4ndigkeit, Gangunsicherheit oder Fatigue. Digitale Hilfsmittel wie Smart\u2011Home\u2011Steuerung, SmartTags, Tracker oder automatisierte Assistenzsysteme schaffen hier eine stille, aber kraftvolle Unterst\u00fctzung. Sie ersetzen keine F\u00e4higkeiten, sondern entlasten, strukturieren und sichern den Alltag, damit du deine Energie\u2026","rel":"","context":"In &quot;Alltag&quot;","block_context":{"text":"Alltag","link":"https:\/\/www.vitalibera.org\/community\/category\/beitraege\/eingeschraenkt-im-alltag\/alltag\/"},"img":{"alt_text":"","src":"https:\/\/i0.wp.com\/www.vitalibera.org\/community\/wp-content\/uploads\/2026\/08\/smarthome154633.png?resize=350%2C200&ssl=1","width":350,"height":200},"classes":[]},{"id":8877,"url":"https:\/\/www.vitalibera.org\/community\/2026\/07\/29\/t-shirt-anziehen-mit-hemiplegie-ruhige-bewegung-klare-reihenfolge\/","url_meta":{"origin":9439,"position":2},"title":"T\u2011Shirt anziehen mit Hemiplegie \u2013 ruhige Bewegung, klare Reihenfolge","author":"admin","date":"29 Juli, 2026","format":false,"excerpt":"Nach einer Hirnverletzung oder einem Schlaganfall kann das Anziehen eines T\u2011Shirts zu einer echten Herausforderung werden. Die Bewegungskoordination, das Gleichgewicht und die Kraftverteilung ver\u00e4ndern sich \u2013 besonders, wenn eine K\u00f6rperseite gel\u00e4hmt oder geschw\u00e4cht ist. Das Ziel ist nicht Schnelligkeit, sondern Kontrolle und Sicherheit: Die betroffene Seite soll aktiv in die\u2026","rel":"","context":"In &quot;Kleidung&quot;","block_context":{"text":"Kleidung","link":"https:\/\/www.vitalibera.org\/community\/category\/beitraege\/eingeschraenkt-im-alltag\/alltag\/kleidung\/"},"img":{"alt_text":"","src":"https:\/\/i0.wp.com\/www.vitalibera.org\/community\/wp-content\/uploads\/2026\/07\/tshirt5318.png?resize=350%2C200&ssl=1","width":350,"height":200},"classes":[]},{"id":8112,"url":"https:\/\/www.vitalibera.org\/community\/2026\/06\/19\/aufmerksamkeit-zurueckholen-training-bei-neglect\/","url_meta":{"origin":9439,"position":3},"title":"Aufmerksamkeit zur\u00fcckholen \u2013 Training bei Neglect","author":"admin","date":"19 Juni, 2026","format":false,"excerpt":"Nach einer Hirnverletzung kann es passieren, dass eine Seite des Raumes oder des eigenen K\u00f6rpers nicht automatisch in die Aufmerksamkeit r\u00fcckt. Dieser Zustand ist belastend, aber gut trainierbar. Die folgenden \u00dcbungen unterst\u00fctzen dabei, die betroffene Seite wieder in den Alltag einzubinden \u2013 Schritt f\u00fcr Schritt, klar strukturiert und ohne \u00dcberforderung.\u2026","rel":"","context":"In &quot;Eigentherapie und Trainings&quot;","block_context":{"text":"Eigentherapie und Trainings","link":"https:\/\/www.vitalibera.org\/community\/category\/eigentherapie-und-trainings\/"},"img":{"alt_text":"","src":"https:\/\/i0.wp.com\/www.vitalibera.org\/community\/wp-content\/uploads\/2026\/06\/neglect606.png?resize=350%2C200&ssl=1","width":350,"height":200},"classes":[]},{"id":9432,"url":"https:\/\/www.vitalibera.org\/community\/2026\/09\/02\/zurueck-zum-multitasking-schrittweises-wiedererlernen-nach-einer-hirnverletzung\/","url_meta":{"origin":9439,"position":4},"title":"Zur\u00fcck zum Multitasking \u2013 Schrittweises Wiedererlernen nach einer Hirnverletzung","author":"Andreas Jecklin","date":"2 September, 2026","format":false,"excerpt":"Nach einer neurologischen Erkrankung f\u00fchlt sich Multitasking oft unm\u00f6glich an. Aufgaben, die fr\u00fcher selbstverst\u00e4ndlich parallel liefen, \u00fcberfordern pl\u00f6tzlich das Gehirn: Reize prallen ungefiltert ein, die Aufmerksamkeit bricht ab, und Fatigue macht selbst kleine Doppelbelastungen schwer. Doch Multitasking ist keine verlorene F\u00e4higkeit \u2013 es ist eine komplexe Gehirnfunktion, die sich langsam\u2026","rel":"","context":"In &quot;Fachwissen&quot;","block_context":{"text":"Fachwissen","link":"https:\/\/www.vitalibera.org\/community\/category\/beitraege\/fachwissen\/"},"img":{"alt_text":"","src":"https:\/\/i0.wp.com\/www.vitalibera.org\/community\/wp-content\/uploads\/2026\/09\/multitask135528.png?resize=350%2C200&ssl=1","width":350,"height":200},"classes":[]},{"id":9279,"url":"https:\/\/www.vitalibera.org\/community\/2026\/08\/26\/simulationsspiele-als-neurologisches-eigentraining-alltagstraining-mit-struktur-planung-und-selbstwirksamkeit\/","url_meta":{"origin":9439,"position":5},"title":"Simulationsspiele als neurologisches Eigentraining \u2013 Alltagstraining mit Struktur, Planung und Selbstwirksamkeit","author":"Andreas Jecklin","date":"26 August, 2026","format":false,"excerpt":"Simulationsspiele k\u00f6nnen nach einer Hirnverletzung zu einem \u00fcberraschend wirksamen Werkzeug f\u00fcr das eigene neurologische Training werden. Ob als Einzelspieler oder kooperativ im Multiplayer \u2013 Spiele wie Fastfood Simulator, Farm\u2011Manager, Supermarkt Simulator, Escape Room Simulator oder Euro Truck Simulator aktivieren genau jene Denkprozesse, die im Alltag oft geschw\u00e4cht sind: Planung, Aufmerksamkeit,\u2026","rel":"","context":"In &quot;Kognitives Training&quot;","block_context":{"text":"Kognitives Training","link":"https:\/\/www.vitalibera.org\/community\/category\/eigentherapie-und-trainings\/neurologie-kognitives-training\/"},"img":{"alt_text":"","src":"https:\/\/i0.wp.com\/www.vitalibera.org\/community\/wp-content\/uploads\/2026\/08\/sim05525.png?resize=350%2C200&ssl=1","width":350,"height":200},"classes":[]}],"jetpack_featured_media_url":"https:\/\/www.vitalibera.org\/community\/wp-content\/uploads\/2026\/09\/haare170423.png","_links":{"self":[{"href":"https:\/\/www.vitalibera.org\/community\/wp-json\/wp\/v2\/posts\/9439","targetHints":{"allow":["GET"]}}],"collection":[{"href":"https:\/\/www.vitalibera.org\/community\/wp-json\/wp\/v2\/posts"}],"about":[{"href":"https:\/\/www.vitalibera.org\/community\/wp-json\/wp\/v2\/types\/post"}],"author":[{"embeddable":true,"href":"https:\/\/www.vitalibera.org\/community\/wp-json\/wp\/v2\/users\/2"}],"replies":[{"embeddable":true,"href":"https:\/\/www.vitalibera.org\/community\/wp-json\/wp\/v2\/comments?post=9439"}],"version-history":[{"count":2,"href":"https:\/\/www.vitalibera.org\/community\/wp-json\/wp\/v2\/posts\/9439\/revisions"}],"predecessor-version":[{"id":9442,"href":"https:\/\/www.vitalibera.org\/community\/wp-json\/wp\/v2\/posts\/9439\/revisions\/9442"}],"wp:featuredmedia":[{"embeddable":true,"href":"https:\/\/www.vitalibera.org\/community\/wp-json\/wp\/v2\/media\/9440"}],"wp:attachment":[{"href":"https:\/\/www.vitalibera.org\/community\/wp-json\/wp\/v2\/media?parent=9439"}],"wp:term":[{"taxonomy":"category","embeddable":true,"href":"https:\/\/www.vitalibera.org\/community\/wp-json\/wp\/v2\/categories?post=9439"},{"taxonomy":"post_tag","embeddable":true,"href":"https:\/\/www.vitalibera.org\/community\/wp-json\/wp\/v2\/tags?post=9439"}],"curies":[{"name":"wp","href":"https:\/\/api.w.org\/{rel}","templated":true}]}}