{"id":9468,"date":"2026-09-03T18:44:27","date_gmt":"2026-09-03T16:44:27","guid":{"rendered":"https:\/\/www.vitalibera.org\/community\/?p=9468"},"modified":"2026-09-03T18:47:01","modified_gmt":"2026-09-03T16:47:01","slug":"impulse-fuer-die-betroffene-seite-taegliche-aktivierung-bei-hemiparese","status":"publish","type":"post","link":"https:\/\/www.vitalibera.org\/community\/2026\/09\/03\/impulse-fuer-die-betroffene-seite-taegliche-aktivierung-bei-hemiparese\/","title":{"rendered":"Impulse f\u00fcr die betroffene Seite \u2013 t\u00e4gliche Aktivierung bei Hemiparese"},"content":{"rendered":"\n<div class=\"wp-block-media-text is-stacked-on-mobile is-vertically-aligned-top\"><figure class=\"wp-block-media-text__media\"><img fetchpriority=\"high\" decoding=\"async\" width=\"230\" height=\"230\" src=\"https:\/\/www.vitalibera.org\/community\/wp-content\/uploads\/2026\/09\/impuls184135.png\" alt=\"\" class=\"wp-image-9469 size-full\" srcset=\"https:\/\/www.vitalibera.org\/community\/wp-content\/uploads\/2026\/09\/impuls184135.png 230w, https:\/\/www.vitalibera.org\/community\/wp-content\/uploads\/2026\/09\/impuls184135-150x150.png 150w\" sizes=\"(max-width: 230px) 100vw, 230px\" \/><\/figure><div class=\"wp-block-media-text__content\">\n<p>Nach einer <a href=\"https:\/\/www.vitalibera.org\/community\/enzyklopaedie\/hirnverletzung\/\" target=\"_self\" title=\"Eine Hirnverletzung (oft als&nbsp;Sch&auml;del-Hirn-Trauma, SHT) ist eine&nbsp;Sch&auml;digung des Gehirns, verursacht durch &auml;u&szlig;ere Gewalteinwirkung (Unfall, Sturz) oder innere Faktoren (Schlaganfall, Tumor). Sie f&uuml;hrt zu k&ouml;rperlichen, kognitiven und verhaltensbezogenen Einschr&auml;nkungen, die oft unsichtbar bleiben. Symptome reichen von Kopfschmerzen bis zu schweren Behinderungen. Wichtige Aspekte der Hirnverletzung: Ursachen:&nbsp;H&auml;ufig durch Schlaganf&auml;lle, Hirnblutungen, Sauerstoffmangel oder St&uuml;rze\/Verkehrsunf&auml;lle (Sch&auml;del-Hirn-Trauma). Formen (SHT):&nbsp;Unterscheidung in&hellip;\" class=\"encyclopedia\">Hirnverletzung<\/a> mit <a href=\"https:\/\/www.vitalibera.org\/community\/enzyklopaedie\/hemiparese\/\" target=\"_self\" title=\"Eine Hemiparese ist eine&nbsp;L&auml;hmung einer K&ouml;rperh&auml;lfte, bei der noch eine Restaktivit&auml;t vorhanden sein kann. Eine Hemiparese entsteht durch Sch&auml;digungen im Gehirn, wie bei einem Schlaganfall oder durch einen Unfall. Es kommt zu einer Verminderung der Kraft in Gesicht, Arm und Bein in einer K&ouml;rperh&auml;lfte.\" class=\"encyclopedia\">Hemiparese<\/a> braucht die <a href=\"https:\/\/www.vitalibera.org\/community\/2026\/04\/19\/wenn-reize-laut-werden-und-menschen-leise\/\"><font color=\"blue\"><img src=\"https:\/\/www.vitalibera.org\/community\/wp-content\/images\/link.png\" width=\"20\" height=\"20\"><u>betroffene<\/u><\/font><\/a> Seite t&auml;gliche Aufmerksamkeit, auch wenn sie sich kaum bewegt oder kaum sp&uuml;rbar ist. <\/p>\n\n\n\n<p>Das Gehirn verliert diese Seite nicht absichtlich &ndash; es bekommt einfach zu wenig Informationen von dort. Kleine, regelm&auml;ssige Impulse im <a href=\"https:\/\/www.vitalibera.org\/community\/2026\/04\/30\/lapstacker-transport-gurtsystem-fuer-rollstuehle\/\"><font color=\"blue\"><img src=\"https:\/\/www.vitalibera.org\/community\/wp-content\/images\/link.png\" width=\"20\" height=\"20\"><u>Alltag<\/u><\/font><\/a> helfen, die Verbindung wieder aufzubauen und dem Gehirn klarzumachen: <em>&bdquo;Diese Seite geh&ouml;rt weiterhin zu mir.&ldquo;<\/em><\/p>\n<\/div><\/div>\n\n\n\n<h6 class=\"wp-block-heading\"><strong>Wahrnehmung aktivieren<\/strong><\/h6>\n\n\n\n<ul class=\"wp-block-list\">\n<li><strong>T&auml;gliche Ber&uuml;hrung<\/strong> &mdash; <a href=\"https:\/\/www.vitalibera.org\/community\/2026\/08\/09\/einhaendiges-gaming-bei-hemiprese-selbstbestimmung-durch-clevere-adaptive-technik\/\"><font color=\"blue\"><img src=\"https:\/\/www.vitalibera.org\/community\/wp-content\/images\/link.png\" width=\"20\" height=\"20\"><u>Hand<\/u><\/font><\/a>, Arm oder Bein kurz ber&uuml;hren, eincremen oder warmes Wasser sp&uuml;ren lassen.<\/li>\n\n\n\n<li><strong>Kontakt vor jeder Aufgabe<\/strong> &mdash; 1&ndash;2 Sekunden Ber&uuml;hrung, bevor eine Handlung beginnt.<\/li>\n<\/ul>\n\n\n\n<h6 class=\"wp-block-heading\"><strong>Sichtbarkeit erh&ouml;hen<\/strong><\/h6>\n\n\n\n<ul class=\"wp-block-list\">\n<li><strong>Betroffene Seite sichtbar halten<\/strong> &mdash; Arm auf dem Tisch, Bein im Blickfeld, Fotos oder Gegenst&auml;nde links\/rechts platzieren.<\/li>\n\n\n\n<li><strong>Bewusster Blick<\/strong> &mdash; 3 Sekunden auf die betroffene Hand schauen.<\/li>\n<\/ul>\n\n\n\n<h6 class=\"wp-block-heading\"><strong>Kleine Bewegungsimpulse<\/strong><\/h6>\n\n\n\n<ul class=\"wp-block-list\">\n<li><strong>Mini&#8209;Bewegungen<\/strong> &mdash; <a href=\"https:\/\/www.vitalibera.org\/community\/2026\/08\/10\/fes-und-tens-bei-spastik-und-geschlossener-hand-orientierung-nach-hirnverletzung\/\"><font color=\"blue\"><img src=\"https:\/\/www.vitalibera.org\/community\/wp-content\/images\/link.png\" width=\"20\" height=\"20\"><u>Finger<\/u><\/font><\/a> spreizen, Hand minimal schieben, Arm leicht f&uuml;hren.<\/li>\n\n\n\n<li><strong>Gef&uuml;hrte <a href=\"https:\/\/www.vitalibera.org\/community\/2026\/08\/24\/alltagstraining-mit-arm-und-bein-hometrainer-nach-hirnverletzung\/\"><font color=\"blue\"><img src=\"https:\/\/www.vitalibera.org\/community\/wp-content\/images\/link.png\" width=\"20\" height=\"20\"><u>Bewegung<\/u><\/font><\/a><\/strong> &mdash; Die gesunde Hand bewegt die betroffene Seite mit.<\/li>\n<\/ul>\n\n\n\n<h6 class=\"wp-block-heading\"><strong>Alltag einbeziehen<\/strong><\/h6>\n\n\n\n<ul class=\"wp-block-list\">\n<li><strong>Mitdenken der Seite<\/strong> &mdash; Beim Essen, Waschen, <a href=\"https:\/\/www.vitalibera.org\/community\/2026\/07\/29\/t-shirt-anziehen-mit-hemiplegie-ruhige-bewegung-klare-reihenfolge\/\"><font color=\"blue\"><img src=\"https:\/\/www.vitalibera.org\/community\/wp-content\/images\/link.png\" width=\"20\" height=\"20\"><u>Anziehen<\/u><\/font><\/a> die betroffene Seite bewusst einbeziehen.<\/li>\n\n\n\n<li><strong>Kleine Aufgaben<\/strong> &mdash; Hand auf die Tasse legen, Arm aufst&uuml;tzen, Bein bewusst setzen.<\/li>\n<\/ul>\n\n\n\n<h6 class=\"wp-block-heading\"><strong>Selbstgespr&auml;ch als Signal<\/strong><\/h6>\n\n\n\n<ul class=\"wp-block-list\">\n<li><strong>Kurzer Satz<\/strong> &mdash; &bdquo;Ich sp&uuml;re dich. Du geh&ouml;rst zu mir.&ldquo;<\/li>\n\n\n\n<li><strong>Wiederholung<\/strong> &mdash; Mehrmals t&auml;glich, besonders vor Aufgaben.<\/li>\n<\/ul>\n\n\n\n<p>Regelm&auml;ssige, kleine Impulse sind st&auml;rker als grosse &Uuml;bungen. Das Gehirn reagiert auf <strong>Wahrnehmung, Sichtbarkeit und Bedeutung<\/strong>.<\/p>\n\n\n\n<figure class=\"wp-block-table\"><table class=\"has-fixed-layout\"><thead><tr><th><strong>Impuls<\/strong><\/th><th><strong>Ziel \/ Wirkung<\/strong><\/th><th><strong>Beispiel<\/strong><\/th><\/tr><\/thead><tbody><tr><th><strong>Ber&uuml;hrung und Wahrnehmung<\/strong><\/th><td>Aktiviert sensorische Bahnen<\/td><td>Die betroffene Hand t&auml;glich eincremen, leicht massieren, warmes Wasser sp&uuml;ren lassen.<\/td><\/tr><tr><th><strong>Mitdenken der betroffenen Seite<\/strong><\/th><td>F&ouml;rdert neuronale Aufmerksamkeit<\/td><td>Beim Anziehen oder Sitzen bewusst sagen: &bdquo;Ich nehme meine linke Seite mit.&ldquo;<\/td><\/tr><tr><th><strong>Visuelle Einbindung<\/strong><\/th><td>St&auml;rkt r&auml;umliche Orientierung<\/td><td>Spiegel oder Fotos so platzieren, dass die betroffene Seite sichtbar bleibt.<\/td><\/tr><tr><th><strong>Kleine Bewegungsimpulse<\/strong><\/th><td>Unterst&uuml;tzt motorische Reaktivierung<\/td><td>Die Hand auf den Tisch legen, Finger leicht bewegen oder mit der anderen Hand f&uuml;hren.<\/td><\/tr><tr><th><strong>Alltagsintegration<\/strong><\/th><td>Verkn&uuml;pft Funktion mit Bedeutung<\/td><td>Beim Essen, Waschen, Anziehen die betroffene Seite immer &bdquo;mitdenken&ldquo;.<\/td><\/tr><tr><th><strong>Selbstgespr&auml;ch als Signal<\/strong><\/th><td>Emotionale und neuronale Aktivierung<\/td><td>Laut sagen: &bdquo;Ich sp&uuml;re dich. Du geh&ouml;rst zu mir.&ldquo; &ndash; das st&auml;rkt die K&ouml;rperkarte im Gehirn.<\/td><\/tr><\/tbody><\/table><\/figure>\n\n\n\n<div class=\"wp-block-media-text is-stacked-on-mobile is-vertically-aligned-top\" style=\"grid-template-columns:24% auto\"><figure class=\"wp-block-media-text__media\"><img decoding=\"async\" width=\"302\" height=\"277\" src=\"http:\/\/www.vitalibera.org\/community\/wp-content\/uploads\/2026\/03\/tip3.png\" alt=\"\" class=\"wp-image-6087 size-full\" srcset=\"https:\/\/www.vitalibera.org\/community\/wp-content\/uploads\/2026\/03\/tip3.png 302w, https:\/\/www.vitalibera.org\/community\/wp-content\/uploads\/2026\/03\/tip3-300x275.png 300w\" sizes=\"(max-width: 302px) 100vw, 302px\" \/><\/figure><div class=\"wp-block-media-text__content\">\n<p>Kleine, regelm&auml;ssige Impulse sind wirksamer als seltene &Uuml;bungen. Das Gehirn reagiert auf <strong>Wiederholung, Aufmerksamkeit und Bedeutung<\/strong> &ndash; nicht auf Kraft. <strong>Diese Orientierung ersetzt keine &auml;rztliche Einsch&auml;tzung, sie dient ausschliesslich als Orientierung.<\/strong><\/p>\n<\/div><\/div>\n\n\n\n<p class=\"has-medium-font-size\"><strong>Alltagsgegenst&auml;nde f&uuml;r t&auml;gliche Impulse bei <a href=\"https:\/\/www.vitalibera.org\/community\/enzyklopaedie\/hemiparese\/\" target=\"_self\" title=\"Eine Hemiparese ist eine&nbsp;L&auml;hmung einer K&ouml;rperh&auml;lfte, bei der noch eine Restaktivit&auml;t vorhanden sein kann. Eine Hemiparese entsteht durch Sch&auml;digungen im Gehirn, wie bei einem Schlaganfall oder durch einen Unfall. Es kommt zu einer Verminderung der Kraft in Gesicht, Arm und Bein in einer K&ouml;rperh&auml;lfte.\" class=\"encyclopedia\">Hemiparese<\/a><\/strong><\/p>\n\n\n\n<figure class=\"wp-block-table\"><table class=\"has-fixed-layout\"><thead><tr><th><strong>Gegenstand<\/strong><\/th><th><strong>Nutzen \/ Impuls<\/strong><\/th><th><strong>Anwendung im Alltag<\/strong><\/th><\/tr><\/thead><tbody><tr><th><strong>Waschlappen<\/strong><\/th><td>Starke sensorische Reize<\/td><td>Betroffene Hand\/Arm t&auml;glich mit warm\/kalt abreiben.<\/td><\/tr><tr><th><strong>Handtuch<\/strong><\/th><td>Druck &amp; Textur<\/td><td>Hand darauf legen, leicht dr&uuml;cken oder <a href=\"https:\/\/www.vitalibera.org\/community\/2026\/07\/31\/hilfsmittel-als-bruecke-zur-selbststaendigkeit-nach-einer-hirnverletzung\/\"><font color=\"blue\"><img src=\"https:\/\/www.vitalibera.org\/community\/wp-content\/images\/link.png\" width=\"20\" height=\"20\"><u>greifen<\/u><\/font><\/a>.<\/td><\/tr><tr><th><strong>Ball klein<\/strong><\/th><td>Greifimpulse<\/td><td>In die betroffene Hand legen, leicht dr&uuml;cken oder halten.<\/td><\/tr><tr><th><strong>B&uuml;rste<\/strong><\/th><td><a href=\"https:\/\/www.vitalibera.org\/community\/enzyklopaedie\/taktil\/\" target=\"_self\" title=\"Taktile Wahrnehmung bezeichnet den Tast- und Empfindungssinn, &uuml;ber den Reize wie Ber&uuml;hrung, Druck, Temperatur und Schmerz wahrgenommen werden.\" class=\"encyclopedia\">Taktil<\/a>e Stimulation<\/td><td>Arm\/Bein sanft ausstreichen.<\/td><\/tr><tr><th><strong>Tasse<\/strong><\/th><td>Alltagsintegration<\/td><td>Betroffene Hand an die Tasse f&uuml;hren, Kontakt halten.<\/td><\/tr><tr><th><strong>Kissen<\/strong><\/th><td>Druckwahrnehmung<\/td><td>Arm darauf ablegen, Gewicht sp&uuml;ren lassen.<\/td><\/tr><tr><th><strong>Decke<\/strong><\/th><td>W&auml;rme &amp; Gewicht<\/td><td>Betroffene Seite bewusst zudecken, Gewicht wahrnehmen.<\/td><\/tr><tr><th><strong>Spiegel klein<\/strong><\/th><td>Visuelle Einbindung<\/td><td>Betroffene Seite sichtbar machen (nur visuell, nicht Schmuck\/Glas).<\/td><\/tr><tr><th><strong>Gummiband<\/strong><\/th><td>Mini&#8209;Bewegungen<\/td><td>Leichtes <a href=\"https:\/\/www.vitalibera.org\/community\/2026\/09\/01\/einhaendiges-oeffnen-von-weinflaschen-mit-korken-sichere-alltagshilfe-bei-hemiparese\/\"><font color=\"blue\"><img src=\"https:\/\/www.vitalibera.org\/community\/wp-content\/images\/link.png\" width=\"20\" height=\"20\"><u>Ziehen<\/u><\/font><\/a> oder gef&uuml;hrtes Bewegen.<\/td><\/tr><tr><th><strong>Schl&uuml;sselbund<\/strong><\/th><td>Ger&auml;usch + Gewicht<\/td><td>In die betroffene Hand legen, Klang und Gewicht sp&uuml;ren.<\/td><\/tr><tr><th><strong>Stofftier<\/strong><\/th><td>Emotionale Bedeutung<\/td><td>Betroffene Hand darauf legen, weiche Textur sp&uuml;ren.<\/td><\/tr><tr><th><strong>Wasserflasche<\/strong><\/th><td>Gewicht &amp; Form<\/td><td>Hand darum legen, leichte F&uuml;hrung durch die gesunde Hand.<\/td><\/tr><\/tbody><\/table><\/figure>\n\n\n\n<p>Impulse m&uuml;ssen <strong>kurz, h&auml;ufig und bedeutungsvoll<\/strong> sein. Das Gehirn reagiert auf <strong>Ber&uuml;hrung, Sichtbarkeit, Gewicht und Wiederholung<\/strong>.<\/p>\n","protected":false},"excerpt":{"rendered":"<p>Nach einer Hirnverletzung mit Hemiparese braucht die betroffene Seite t\u00e4gliche Aufmerksamkeit, auch wenn sie sich kaum bewegt oder kaum sp\u00fcrbar ist. <\/p>\n<p>Das Gehirn verliert diese Seite nicht absichtlich \u2013 es bekommt einfach zu wenig Informationen von dort. Kleine, regelm\u00e4ssige Impulse im Alltag helfen, die Verbindung wieder aufzubauen und dem Gehirn klarzumachen: \u201eDiese Seite geh\u00f6rt weiterhin zu mir.\u201c<\/p>\n","protected":false},"author":2,"featured_media":9469,"comment_status":"closed","ping_status":"open","sticky":false,"template":"","format":"standard","meta":{"cybocfi_hide_featured_image":"yes","_jetpack_newsletter_access":"","_jetpack_dont_email_post_to_subs":false,"_jetpack_newsletter_tier_id":0,"_jetpack_memberships_contains_paywalled_content":false,"_jetpack_feature_clip_id":0,"_jetpack_memberships_contains_paid_content":false,"footnotes":"","jetpack_publicize_message":"","jetpack_publicize_feature_enabled":true,"jetpack_social_post_already_shared":false,"jetpack_social_options":{"image_generator_settings":{"template":"highway","default_image_id":0,"font":"","enabled":false},"version":2},"jetpack_post_was_ever_published":false},"categories":[65,159,160],"tags":[],"class_list":["post-9468","post","type-post","status-publish","format-standard","has-post-thumbnail","hentry","category-ergo","category-fachwissen","category-therapien"],"yoast_head":"<!-- This site is optimized with the Yoast SEO plugin v28.2 - https:\/\/yoast.com\/product\/yoast-seo-wordpress\/ -->\r\n<title>Impulse f\u00fcr die betroffene Seite \u2013 t\u00e4gliche Aktivierung bei Hemiparese - vitalibera.org<\/title>\r\n<meta name=\"robots\" content=\"index, follow, max-snippet:-1, max-image-preview:large, max-video-preview:-1\" \/>\r\n<link rel=\"canonical\" href=\"https:\/\/www.vitalibera.org\/community\/2026\/09\/03\/impulse-fuer-die-betroffene-seite-taegliche-aktivierung-bei-hemiparese\/\" \/>\r\n<meta property=\"og:locale\" content=\"de_DE\" \/>\r\n<meta property=\"og:type\" content=\"article\" \/>\r\n<meta property=\"og:title\" content=\"Impulse f\u00fcr die betroffene Seite \u2013 t\u00e4gliche Aktivierung bei Hemiparese - vitalibera.org\" \/>\r\n<meta property=\"og:description\" content=\"Nach einer Hirnverletzung mit Hemiparese braucht die betroffene Seite t\u00e4gliche Aufmerksamkeit, auch wenn sie sich kaum bewegt oder kaum sp\u00fcrbar ist.  Das Gehirn verliert diese Seite nicht absichtlich \u2013 es bekommt einfach zu wenig Informationen von dort. Kleine, regelm\u00e4ssige Impulse im Alltag helfen, die Verbindung wieder aufzubauen und dem Gehirn klarzumachen: \u201eDiese Seite geh\u00f6rt weiterhin zu mir.\u201c\" \/>\r\n<meta property=\"og:url\" content=\"https:\/\/www.vitalibera.org\/community\/2026\/09\/03\/impulse-fuer-die-betroffene-seite-taegliche-aktivierung-bei-hemiparese\/\" \/>\r\n<meta property=\"og:site_name\" content=\"vitalibera.org\" \/>\r\n<meta property=\"article:publisher\" content=\"https:\/\/www.facebook.com\/groups\/2997085857140235\" \/>\r\n<meta property=\"article:published_time\" content=\"2026-09-03T16:44:27+00:00\" \/>\r\n<meta property=\"article:modified_time\" content=\"2026-09-03T16:47:01+00:00\" \/>\r\n<meta property=\"og:image\" content=\"https:\/\/www.vitalibera.org\/community\/wp-content\/uploads\/2026\/09\/impuls184135.png\" \/>\r\n\t<meta property=\"og:image:width\" content=\"230\" \/>\r\n\t<meta property=\"og:image:height\" content=\"230\" \/>\r\n\t<meta property=\"og:image:type\" content=\"image\/png\" \/>\r\n<meta name=\"author\" content=\"Andreas Jecklin\" \/>\r\n<meta name=\"twitter:card\" content=\"summary_large_image\" \/>\r\n<meta name=\"twitter:label1\" content=\"Verfasst von\" \/>\n\t<meta name=\"twitter:data1\" content=\"Andreas Jecklin\" \/>\n\t<meta name=\"twitter:label2\" content=\"Gesch\u00e4tzte Lesezeit\" \/>\n\t<meta name=\"twitter:data2\" content=\"4\u00a0Minuten\" \/>\r\n<script type=\"application\/ld+json\" class=\"yoast-schema-graph\">{\"@context\":\"https:\\\/\\\/schema.org\",\"@graph\":[{\"@type\":\"Article\",\"@id\":\"https:\\\/\\\/www.vitalibera.org\\\/community\\\/2026\\\/09\\\/03\\\/impulse-fuer-die-betroffene-seite-taegliche-aktivierung-bei-hemiparese\\\/#article\",\"isPartOf\":{\"@id\":\"https:\\\/\\\/www.vitalibera.org\\\/community\\\/2026\\\/09\\\/03\\\/impulse-fuer-die-betroffene-seite-taegliche-aktivierung-bei-hemiparese\\\/\"},\"author\":{\"name\":\"Andreas Jecklin\",\"@id\":\"https:\\\/\\\/www.vitalibera.org\\\/community\\\/#\\\/schema\\\/person\\\/6712387298421f222ff6d0a2e22c1534\"},\"headline\":\"Impulse f\u00fcr die betroffene Seite \u2013 t\u00e4gliche Aktivierung bei Hemiparese\",\"datePublished\":\"2026-09-03T16:44:27+00:00\",\"dateModified\":\"2026-09-03T16:47:01+00:00\",\"mainEntityOfPage\":{\"@id\":\"https:\\\/\\\/www.vitalibera.org\\\/community\\\/2026\\\/09\\\/03\\\/impulse-fuer-die-betroffene-seite-taegliche-aktivierung-bei-hemiparese\\\/\"},\"wordCount\":553,\"publisher\":{\"@id\":\"https:\\\/\\\/www.vitalibera.org\\\/community\\\/#organization\"},\"image\":{\"@id\":\"https:\\\/\\\/www.vitalibera.org\\\/community\\\/2026\\\/09\\\/03\\\/impulse-fuer-die-betroffene-seite-taegliche-aktivierung-bei-hemiparese\\\/#primaryimage\"},\"thumbnailUrl\":\"https:\\\/\\\/www.vitalibera.org\\\/community\\\/wp-content\\\/uploads\\\/2026\\\/09\\\/impuls184135.png\",\"articleSection\":[\"Ergotherapie\",\"Fachwissen\",\"Therapien\"],\"inLanguage\":\"de\"},{\"@type\":\"WebPage\",\"@id\":\"https:\\\/\\\/www.vitalibera.org\\\/community\\\/2026\\\/09\\\/03\\\/impulse-fuer-die-betroffene-seite-taegliche-aktivierung-bei-hemiparese\\\/\",\"url\":\"https:\\\/\\\/www.vitalibera.org\\\/community\\\/2026\\\/09\\\/03\\\/impulse-fuer-die-betroffene-seite-taegliche-aktivierung-bei-hemiparese\\\/\",\"name\":\"Impulse f\u00fcr die betroffene Seite \u2013 t\u00e4gliche Aktivierung bei Hemiparese - vitalibera.org\",\"isPartOf\":{\"@id\":\"https:\\\/\\\/www.vitalibera.org\\\/community\\\/#website\"},\"primaryImageOfPage\":{\"@id\":\"https:\\\/\\\/www.vitalibera.org\\\/community\\\/2026\\\/09\\\/03\\\/impulse-fuer-die-betroffene-seite-taegliche-aktivierung-bei-hemiparese\\\/#primaryimage\"},\"image\":{\"@id\":\"https:\\\/\\\/www.vitalibera.org\\\/community\\\/2026\\\/09\\\/03\\\/impulse-fuer-die-betroffene-seite-taegliche-aktivierung-bei-hemiparese\\\/#primaryimage\"},\"thumbnailUrl\":\"https:\\\/\\\/www.vitalibera.org\\\/community\\\/wp-content\\\/uploads\\\/2026\\\/09\\\/impuls184135.png\",\"datePublished\":\"2026-09-03T16:44:27+00:00\",\"dateModified\":\"2026-09-03T16:47:01+00:00\",\"breadcrumb\":{\"@id\":\"https:\\\/\\\/www.vitalibera.org\\\/community\\\/2026\\\/09\\\/03\\\/impulse-fuer-die-betroffene-seite-taegliche-aktivierung-bei-hemiparese\\\/#breadcrumb\"},\"inLanguage\":\"de\",\"potentialAction\":[{\"@type\":\"ReadAction\",\"target\":[\"https:\\\/\\\/www.vitalibera.org\\\/community\\\/2026\\\/09\\\/03\\\/impulse-fuer-die-betroffene-seite-taegliche-aktivierung-bei-hemiparese\\\/\"]}]},{\"@type\":\"BreadcrumbList\",\"@id\":\"https:\\\/\\\/www.vitalibera.org\\\/community\\\/2026\\\/09\\\/03\\\/impulse-fuer-die-betroffene-seite-taegliche-aktivierung-bei-hemiparese\\\/#breadcrumb\",\"itemListElement\":[{\"@type\":\"ListItem\",\"position\":1,\"name\":\"Startseite\",\"item\":\"https:\\\/\\\/www.vitalibera.org\\\/community\\\/\"},{\"@type\":\"ListItem\",\"position\":2,\"name\":\"Impulse f\u00fcr die betroffene Seite \u2013 t\u00e4gliche Aktivierung bei Hemiparese\"}]},{\"@type\":\"WebSite\",\"@id\":\"https:\\\/\\\/www.vitalibera.org\\\/community\\\/#website\",\"url\":\"https:\\\/\\\/www.vitalibera.org\\\/community\\\/\",\"name\":\"vitalibera.org\",\"description\":\"Mit einer Einschr&auml;nkung gestaltet sich das Leben im Alltag oft schwieriger - hier berichten wir &uuml;ber unsere Erfahrungen und Hilfsmittel um den Alltag so unbeschwert und unkompliziert wie nur m&ouml;glich geniessen zu k&ouml;nnen. Dabei richten wir unseren Fokus gezielt auf Selbst&auml;ndigkeit, Eigenst&auml;ndigkeit und Selbstbestimmung.\",\"publisher\":{\"@id\":\"https:\\\/\\\/www.vitalibera.org\\\/community\\\/#organization\"},\"potentialAction\":[{\"@type\":\"SearchAction\",\"target\":{\"@type\":\"EntryPoint\",\"urlTemplate\":\"https:\\\/\\\/www.vitalibera.org\\\/community\\\/?s={search_term_string}\"},\"query-input\":{\"@type\":\"PropertyValueSpecification\",\"valueRequired\":true,\"valueName\":\"search_term_string\"}}],\"inLanguage\":\"de\"},{\"@type\":\"Organization\",\"@id\":\"https:\\\/\\\/www.vitalibera.org\\\/community\\\/#organization\",\"name\":\"vitalibera.org\",\"url\":\"https:\\\/\\\/www.vitalibera.org\\\/community\\\/\",\"logo\":{\"@type\":\"ImageObject\",\"inLanguage\":\"de\",\"@id\":\"https:\\\/\\\/www.vitalibera.org\\\/community\\\/#\\\/schema\\\/logo\\\/image\\\/\",\"url\":\"https:\\\/\\\/www.vitalibera.org\\\/community\\\/wp-content\\\/uploads\\\/2025\\\/09\\\/cropped-banner.png\",\"contentUrl\":\"https:\\\/\\\/www.vitalibera.org\\\/community\\\/wp-content\\\/uploads\\\/2025\\\/09\\\/cropped-banner.png\",\"width\":991,\"height\":150,\"caption\":\"vitalibera.org\"},\"image\":{\"@id\":\"https:\\\/\\\/www.vitalibera.org\\\/community\\\/#\\\/schema\\\/logo\\\/image\\\/\"},\"sameAs\":[\"https:\\\/\\\/www.facebook.com\\\/groups\\\/2997085857140235\"]},{\"@type\":\"Person\",\"@id\":\"https:\\\/\\\/www.vitalibera.org\\\/community\\\/#\\\/schema\\\/person\\\/6712387298421f222ff6d0a2e22c1534\",\"name\":\"Andreas Jecklin\",\"image\":{\"@type\":\"ImageObject\",\"inLanguage\":\"de\",\"@id\":\"https:\\\/\\\/secure.gravatar.com\\\/avatar\\\/ad516503a11cd5ca435acc9bb6523536?s=96\",\"url\":\"https:\\\/\\\/secure.gravatar.com\\\/avatar\\\/ad516503a11cd5ca435acc9bb6523536?s=96\",\"contentUrl\":\"https:\\\/\\\/secure.gravatar.com\\\/avatar\\\/ad516503a11cd5ca435acc9bb6523536?s=96\",\"caption\":\"Andreas Jecklin\"},\"description\":\"Manchen gab Gott die Kraft Dinge zu ver\u00e4ndern, mir gab er die Kraft zu ertragen was nicht mehr zu \u00e4ndern ist.\",\"url\":\"https:\\\/\\\/www.vitalibera.org\\\/community\\\/author\\\/andy77\\\/\"}]}<\/script>\r\n<!-- \/ Yoast SEO plugin. -->","yoast_head_json":{"title":"Impulse f\u00fcr die betroffene Seite \u2013 t\u00e4gliche Aktivierung bei Hemiparese - vitalibera.org","robots":{"index":"index","follow":"follow","max-snippet":"max-snippet:-1","max-image-preview":"max-image-preview:large","max-video-preview":"max-video-preview:-1"},"canonical":"https:\/\/www.vitalibera.org\/community\/2026\/09\/03\/impulse-fuer-die-betroffene-seite-taegliche-aktivierung-bei-hemiparese\/","og_locale":"de_DE","og_type":"article","og_title":"Impulse f\u00fcr die betroffene Seite \u2013 t\u00e4gliche Aktivierung bei Hemiparese - vitalibera.org","og_description":"Nach einer Hirnverletzung mit Hemiparese braucht die betroffene Seite t\u00e4gliche Aufmerksamkeit, auch wenn sie sich kaum bewegt oder kaum sp\u00fcrbar ist.  Das Gehirn verliert diese Seite nicht absichtlich \u2013 es bekommt einfach zu wenig Informationen von dort. Kleine, regelm\u00e4ssige Impulse im Alltag helfen, die Verbindung wieder aufzubauen und dem Gehirn klarzumachen: \u201eDiese Seite geh\u00f6rt weiterhin zu mir.\u201c","og_url":"https:\/\/www.vitalibera.org\/community\/2026\/09\/03\/impulse-fuer-die-betroffene-seite-taegliche-aktivierung-bei-hemiparese\/","og_site_name":"vitalibera.org","article_publisher":"https:\/\/www.facebook.com\/groups\/2997085857140235","article_published_time":"2026-09-03T16:44:27+00:00","article_modified_time":"2026-09-03T16:47:01+00:00","og_image":[{"width":230,"height":230,"url":"https:\/\/www.vitalibera.org\/community\/wp-content\/uploads\/2026\/09\/impuls184135.png","type":"image\/png"}],"author":"Andreas Jecklin","twitter_card":"summary_large_image","twitter_misc":{"Verfasst von":"Andreas Jecklin","Gesch\u00e4tzte Lesezeit":"4\u00a0Minuten"},"schema":{"@context":"https:\/\/schema.org","@graph":[{"@type":"Article","@id":"https:\/\/www.vitalibera.org\/community\/2026\/09\/03\/impulse-fuer-die-betroffene-seite-taegliche-aktivierung-bei-hemiparese\/#article","isPartOf":{"@id":"https:\/\/www.vitalibera.org\/community\/2026\/09\/03\/impulse-fuer-die-betroffene-seite-taegliche-aktivierung-bei-hemiparese\/"},"author":{"name":"Andreas Jecklin","@id":"https:\/\/www.vitalibera.org\/community\/#\/schema\/person\/6712387298421f222ff6d0a2e22c1534"},"headline":"Impulse f\u00fcr die betroffene Seite \u2013 t\u00e4gliche Aktivierung bei Hemiparese","datePublished":"2026-09-03T16:44:27+00:00","dateModified":"2026-09-03T16:47:01+00:00","mainEntityOfPage":{"@id":"https:\/\/www.vitalibera.org\/community\/2026\/09\/03\/impulse-fuer-die-betroffene-seite-taegliche-aktivierung-bei-hemiparese\/"},"wordCount":553,"publisher":{"@id":"https:\/\/www.vitalibera.org\/community\/#organization"},"image":{"@id":"https:\/\/www.vitalibera.org\/community\/2026\/09\/03\/impulse-fuer-die-betroffene-seite-taegliche-aktivierung-bei-hemiparese\/#primaryimage"},"thumbnailUrl":"https:\/\/www.vitalibera.org\/community\/wp-content\/uploads\/2026\/09\/impuls184135.png","articleSection":["Ergotherapie","Fachwissen","Therapien"],"inLanguage":"de"},{"@type":"WebPage","@id":"https:\/\/www.vitalibera.org\/community\/2026\/09\/03\/impulse-fuer-die-betroffene-seite-taegliche-aktivierung-bei-hemiparese\/","url":"https:\/\/www.vitalibera.org\/community\/2026\/09\/03\/impulse-fuer-die-betroffene-seite-taegliche-aktivierung-bei-hemiparese\/","name":"Impulse f\u00fcr die betroffene Seite \u2013 t\u00e4gliche Aktivierung bei Hemiparese - vitalibera.org","isPartOf":{"@id":"https:\/\/www.vitalibera.org\/community\/#website"},"primaryImageOfPage":{"@id":"https:\/\/www.vitalibera.org\/community\/2026\/09\/03\/impulse-fuer-die-betroffene-seite-taegliche-aktivierung-bei-hemiparese\/#primaryimage"},"image":{"@id":"https:\/\/www.vitalibera.org\/community\/2026\/09\/03\/impulse-fuer-die-betroffene-seite-taegliche-aktivierung-bei-hemiparese\/#primaryimage"},"thumbnailUrl":"https:\/\/www.vitalibera.org\/community\/wp-content\/uploads\/2026\/09\/impuls184135.png","datePublished":"2026-09-03T16:44:27+00:00","dateModified":"2026-09-03T16:47:01+00:00","breadcrumb":{"@id":"https:\/\/www.vitalibera.org\/community\/2026\/09\/03\/impulse-fuer-die-betroffene-seite-taegliche-aktivierung-bei-hemiparese\/#breadcrumb"},"inLanguage":"de","potentialAction":[{"@type":"ReadAction","target":["https:\/\/www.vitalibera.org\/community\/2026\/09\/03\/impulse-fuer-die-betroffene-seite-taegliche-aktivierung-bei-hemiparese\/"]}]},{"@type":"BreadcrumbList","@id":"https:\/\/www.vitalibera.org\/community\/2026\/09\/03\/impulse-fuer-die-betroffene-seite-taegliche-aktivierung-bei-hemiparese\/#breadcrumb","itemListElement":[{"@type":"ListItem","position":1,"name":"Startseite","item":"https:\/\/www.vitalibera.org\/community\/"},{"@type":"ListItem","position":2,"name":"Impulse f\u00fcr die betroffene Seite \u2013 t\u00e4gliche Aktivierung bei Hemiparese"}]},{"@type":"WebSite","@id":"https:\/\/www.vitalibera.org\/community\/#website","url":"https:\/\/www.vitalibera.org\/community\/","name":"vitalibera.org","description":"Mit einer Einschr&auml;nkung gestaltet sich das Leben im Alltag oft schwieriger - hier berichten wir &uuml;ber unsere Erfahrungen und Hilfsmittel um den Alltag so unbeschwert und unkompliziert wie nur m&ouml;glich geniessen zu k&ouml;nnen. Dabei richten wir unseren Fokus gezielt auf Selbst&auml;ndigkeit, Eigenst&auml;ndigkeit und Selbstbestimmung.","publisher":{"@id":"https:\/\/www.vitalibera.org\/community\/#organization"},"potentialAction":[{"@type":"SearchAction","target":{"@type":"EntryPoint","urlTemplate":"https:\/\/www.vitalibera.org\/community\/?s={search_term_string}"},"query-input":{"@type":"PropertyValueSpecification","valueRequired":true,"valueName":"search_term_string"}}],"inLanguage":"de"},{"@type":"Organization","@id":"https:\/\/www.vitalibera.org\/community\/#organization","name":"vitalibera.org","url":"https:\/\/www.vitalibera.org\/community\/","logo":{"@type":"ImageObject","inLanguage":"de","@id":"https:\/\/www.vitalibera.org\/community\/#\/schema\/logo\/image\/","url":"https:\/\/www.vitalibera.org\/community\/wp-content\/uploads\/2025\/09\/cropped-banner.png","contentUrl":"https:\/\/www.vitalibera.org\/community\/wp-content\/uploads\/2025\/09\/cropped-banner.png","width":991,"height":150,"caption":"vitalibera.org"},"image":{"@id":"https:\/\/www.vitalibera.org\/community\/#\/schema\/logo\/image\/"},"sameAs":["https:\/\/www.facebook.com\/groups\/2997085857140235"]},{"@type":"Person","@id":"https:\/\/www.vitalibera.org\/community\/#\/schema\/person\/6712387298421f222ff6d0a2e22c1534","name":"Andreas Jecklin","image":{"@type":"ImageObject","inLanguage":"de","@id":"https:\/\/secure.gravatar.com\/avatar\/ad516503a11cd5ca435acc9bb6523536?s=96","url":"https:\/\/secure.gravatar.com\/avatar\/ad516503a11cd5ca435acc9bb6523536?s=96","contentUrl":"https:\/\/secure.gravatar.com\/avatar\/ad516503a11cd5ca435acc9bb6523536?s=96","caption":"Andreas Jecklin"},"description":"Manchen gab Gott die Kraft Dinge zu ver\u00e4ndern, mir gab er die Kraft zu ertragen was nicht mehr zu \u00e4ndern ist.","url":"https:\/\/www.vitalibera.org\/community\/author\/andy77\/"}]}},"jetpack_publicize_connections":[],"jetpack_sharing_enabled":true,"jetpack-related-posts":[{"id":9384,"url":"https:\/\/www.vitalibera.org\/community\/2026\/08\/31\/neue-therapieverfahren-in-der-fruehrehabilitation-wege-zurueck-ins-leben-nach-hirnverletzung\/","url_meta":{"origin":9468,"position":0},"title":"Neue Therapieverfahren in der Fr\u00fchrehabilitation \u2013 Wege zur\u00fcck ins Leben nach Hirnverletzung","author":"admin","date":"31 August, 2026","format":false,"excerpt":"Nach einer Hirnverletzung beginnt die Rehabilitation oft schon in den ersten Tagen \u2013 die sogenannte Akut\u2011Fr\u00fchrehabilitation. Hier lernt dein Gehirn, sich neu zu organisieren. Es entdeckt Wege, um Bewegung, Wahrnehmung und Gleichgewicht wieder aufzubauen. Moderne Therapien unterst\u00fctzen diesen Prozess mit Technik, Sinnesreizen und Motivation: Robotik, Elektrostimulation (TENS, FES), Magnetstimulation (TMS),\u2026","rel":"","context":"In &quot;sonstige Therapien&quot;","block_context":{"text":"sonstige Therapien","link":"https:\/\/www.vitalibera.org\/community\/category\/eigentherapie-und-trainings\/sonstige-therapien\/"},"img":{"alt_text":"","src":"https:\/\/i0.wp.com\/www.vitalibera.org\/community\/wp-content\/uploads\/2026\/08\/extras113803.png?resize=350%2C200&ssl=1","width":350,"height":200},"classes":[]},{"id":5659,"url":"https:\/\/www.vitalibera.org\/community\/2026\/02\/23\/use-it-or-lose-it\/","url_meta":{"origin":9468,"position":1},"title":"Use it or lose it","author":"Heidi","date":"23 Februar, 2026","format":false,"excerpt":"Warum die gel\u00e4hmte (Hemiparese) K\u00f6rper-Seite unbedingt in den Alltag einbezogen geh\u00f6rt \u00a0 Eine L\u00e4hmung \u2013 zum Beispiel nach einem Schlaganfall oder einer neurologischen Erkrankung \u2013 ver\u00e4ndert das Leben von einem Moment auf den anderen. Viele Betroffene neigen verst\u00e4ndlicherweise dazu, die eingeschr\u00e4nkte K\u00f6rperseite zu schonen und stattdessen die \u201efunktionierende\u201c Seite zu\u2026","rel":"","context":"In &quot;Strategien&quot;","block_context":{"text":"Strategien","link":"https:\/\/www.vitalibera.org\/community\/category\/eigentherapie-und-trainings\/strategien\/"},"img":{"alt_text":"","src":"https:\/\/i0.wp.com\/www.vitalibera.org\/community\/wp-content\/uploads\/2026\/02\/useorloose.png?resize=350%2C200&ssl=1","width":350,"height":200,"srcset":"https:\/\/i0.wp.com\/www.vitalibera.org\/community\/wp-content\/uploads\/2026\/02\/useorloose.png?resize=350%2C200&ssl=1 1x, https:\/\/i0.wp.com\/www.vitalibera.org\/community\/wp-content\/uploads\/2026\/02\/useorloose.png?resize=525%2C300&ssl=1 1.5x"},"classes":[]},{"id":8534,"url":"https:\/\/www.vitalibera.org\/community\/2026\/07\/09\/neuroplastizitaet-nach-hirnverletzung-im-alltag-foerdern\/","url_meta":{"origin":9468,"position":2},"title":"Neuroplastizit\u00e4t nach Hirnverletzung im Alltag f\u00f6rdern","author":"Andreas Jecklin","date":"9 Juli, 2026","format":false,"excerpt":"Nach einem Schlaganfall, einer Hirnblutung oder einem Sch\u00e4del-Hirn-Trauma besitzt dein Gehirn die F\u00e4higkeit, neue Verbindungen zwischen Nervenzellen aufzubauen und bestehende Netzwerke neu zu organisieren. Dieser Prozess wird als Neuroplastizit\u00e4t bezeichnet. Du kannst ihn aktiv unterst\u00fctzen, indem du neue F\u00e4higkeiten erlernst oder bereits vorhandene F\u00e4higkeiten weiter ausbaust. Dabei geht es nicht\u2026","rel":"","context":"In &quot;Kognitives Training&quot;","block_context":{"text":"Kognitives Training","link":"https:\/\/www.vitalibera.org\/community\/category\/eigentherapie-und-trainings\/neurologie-kognitives-training\/"},"img":{"alt_text":"","src":"https:\/\/i0.wp.com\/www.vitalibera.org\/community\/wp-content\/uploads\/2026\/07\/neuroplast15108.png?resize=350%2C200&ssl=1","width":350,"height":200},"classes":[]},{"id":9249,"url":"https:\/\/www.vitalibera.org\/community\/2026\/08\/25\/clever-umfunktioniert-alltagswerkzeuge-als-einhand-helfer-nach-einer-hirnverletzung\/","url_meta":{"origin":9468,"position":3},"title":"Clever umfunktioniert \u2013 Alltagswerkzeuge als Einhand\u2011Helfer nach einer Hirnverletzung","author":"Andreas Jecklin","date":"25 August, 2026","format":false,"excerpt":"Nach einer Hirnverletzung mit Hemiparese kann der Alltag schnell zur Herausforderung werden \u2013 besonders dann, wenn nur eine Hand zuverl\u00e4ssig mitarbeitet. Doch oft liegen die besten L\u00f6sungen direkt vor uns: handels\u00fcbliche Werkzeuge, die mit etwas Kreativit\u00e4t zu echten Einhand\u2011Helfern werden. Schraubzwingen, Schraubst\u00f6cke oder Federzangen k\u00f6nnen Gegenst\u00e4nde sicher fixieren, sodass du\u2026","rel":"","context":"In &quot;Alltag&quot;","block_context":{"text":"Alltag","link":"https:\/\/www.vitalibera.org\/community\/category\/beitraege\/eingeschraenkt-im-alltag\/alltag\/"},"img":{"alt_text":"","src":"https:\/\/i0.wp.com\/www.vitalibera.org\/community\/wp-content\/uploads\/2026\/08\/tools248.png?resize=350%2C200&ssl=1","width":350,"height":200},"classes":[]},{"id":8224,"url":"https:\/\/www.vitalibera.org\/community\/2026\/06\/24\/schlaganfall-visualisierungsuebungen-das-gehirn-lernt-sich-wieder-zu-sehen\/","url_meta":{"origin":9468,"position":4},"title":"Schlaganfall\u2011Visualisierungs\u00fcbungen &#8211; Das Gehirn lernt, sich wieder zu sehen","author":"Andreas Jecklin","date":"24 Juni, 2026","format":false,"excerpt":"Nach einem Schlaganfall oder einer anderen Gehirnverletzung kann das eigene K\u00f6rper\u2011 und Raumgef\u00fchl verschwimmen. Visualisierungs\u00fcbungen helfen, das innere Bild wieder aufzubauen \u2013 Schritt f\u00fcr Schritt, ruhig und bewusst. Das Gehirn trainiert dabei nicht nur Bewegungen, sondern auch Orientierung, Selbstwahrnehmung und Vertrauen in die eigene Steuerung. Diese \u00dcbungen sind keine Leistungstests,\u2026","rel":"","context":"In &quot;sonstige Therapien&quot;","block_context":{"text":"sonstige Therapien","link":"https:\/\/www.vitalibera.org\/community\/category\/eigentherapie-und-trainings\/sonstige-therapien\/"},"img":{"alt_text":"","src":"https:\/\/i0.wp.com\/www.vitalibera.org\/community\/wp-content\/uploads\/2026\/06\/visualtraining5415.png?resize=350%2C200&ssl=1","width":350,"height":200},"classes":[]},{"id":7772,"url":"https:\/\/www.vitalibera.org\/community\/2026\/06\/06\/selbststaendige-koerperpflege-nach-hirnverletzung\/","url_meta":{"origin":9468,"position":5},"title":"Selbstst\u00e4ndige K\u00f6rperpflege nach Hirnverletzung","author":"Andreas Jecklin","date":"6 Juni, 2026","format":false,"excerpt":"Nach einer Hirnverletzung \u2013 etwa durch Schlaganfall, Sch\u00e4del\u2011Hirn\u2011Trauma (SHT) oder Hirnblutung \u2013 wird die t\u00e4gliche K\u00f6rperpflege h\u00e4ufig zur Herausforderung. Einschr\u00e4nkungen in Kraft, Koordination, Wahrnehmung oder Aufmerksamkeit k\u00f6nnen grundlegende T\u00e4tigkeiten wie Waschen oder Duschen erheblich erschweren. Gleichzeitig geh\u00f6rt die K\u00f6rperpflege zu den wichtigsten Aktivit\u00e4ten des t\u00e4glichen Lebens, da sie Hygiene, Wohlbefinden\u2026","rel":"","context":"In &quot;Pflege&quot;","block_context":{"text":"Pflege","link":"https:\/\/www.vitalibera.org\/community\/category\/beitraege\/eingeschraenkt-im-alltag\/alltag\/pflege\/"},"img":{"alt_text":"","src":"https:\/\/i0.wp.com\/www.vitalibera.org\/community\/wp-content\/uploads\/2026\/06\/duschen.png?resize=350%2C200&ssl=1","width":350,"height":200},"classes":[]}],"jetpack_featured_media_url":"https:\/\/www.vitalibera.org\/community\/wp-content\/uploads\/2026\/09\/impuls184135.png","_links":{"self":[{"href":"https:\/\/www.vitalibera.org\/community\/wp-json\/wp\/v2\/posts\/9468","targetHints":{"allow":["GET"]}}],"collection":[{"href":"https:\/\/www.vitalibera.org\/community\/wp-json\/wp\/v2\/posts"}],"about":[{"href":"https:\/\/www.vitalibera.org\/community\/wp-json\/wp\/v2\/types\/post"}],"author":[{"embeddable":true,"href":"https:\/\/www.vitalibera.org\/community\/wp-json\/wp\/v2\/users\/2"}],"replies":[{"embeddable":true,"href":"https:\/\/www.vitalibera.org\/community\/wp-json\/wp\/v2\/comments?post=9468"}],"version-history":[{"count":1,"href":"https:\/\/www.vitalibera.org\/community\/wp-json\/wp\/v2\/posts\/9468\/revisions"}],"predecessor-version":[{"id":9470,"href":"https:\/\/www.vitalibera.org\/community\/wp-json\/wp\/v2\/posts\/9468\/revisions\/9470"}],"wp:featuredmedia":[{"embeddable":true,"href":"https:\/\/www.vitalibera.org\/community\/wp-json\/wp\/v2\/media\/9469"}],"wp:attachment":[{"href":"https:\/\/www.vitalibera.org\/community\/wp-json\/wp\/v2\/media?parent=9468"}],"wp:term":[{"taxonomy":"category","embeddable":true,"href":"https:\/\/www.vitalibera.org\/community\/wp-json\/wp\/v2\/categories?post=9468"},{"taxonomy":"post_tag","embeddable":true,"href":"https:\/\/www.vitalibera.org\/community\/wp-json\/wp\/v2\/tags?post=9468"}],"curies":[{"name":"wp","href":"https:\/\/api.w.org\/{rel}","templated":true}]}}